{"id":7288,"date":"2025-07-21T21:04:47","date_gmt":"2025-07-21T21:04:47","guid":{"rendered":"https:\/\/politicapatagonica.com\/?p=7288"},"modified":"2025-07-22T22:17:48","modified_gmt":"2025-07-22T22:17:48","slug":"torres-presento-la-obra-del-primer-hotel-cuatro-estrellas-de-trelew-una-inversion-de-casi-30-millones-de-dolares","status":"publish","type":"post","link":"https:\/\/politicapatagonica.com\/index.php\/2025\/07\/21\/torres-presento-la-obra-del-primer-hotel-cuatro-estrellas-de-trelew-una-inversion-de-casi-30-millones-de-dolares\/","title":{"rendered":"Torres present\u00f3 la obra del primer hotel cuatro estrellas de Trelew: una inversi\u00f3n de casi 30 millones de d\u00f3lares"},"content":{"rendered":"\n<p>Se trata de una inversi\u00f3n cercana a los <strong>30 millones<\/strong> <strong>de<\/strong> <strong>d\u00f3lares<\/strong>, que contempla la construcci\u00f3n del <strong>primer<\/strong> <strong>hotel<\/strong> <strong>cuatro<\/strong> <strong>estrellas<\/strong> <strong>de<\/strong> <strong>Trelew<\/strong>, con 60 camas, un restaurante de cinco cubiertos, gimnasio con sauna, y un sal\u00f3n de eventos y convenciones. El desarrollo tambi\u00e9n incluye la ampliaci\u00f3n de la estaci\u00f3n de servicio, la construcci\u00f3n de una gomer\u00eda industrial y la conformaci\u00f3n de un polo de servicios estrat\u00e9gicamente ubicado.<\/p>\n\n\n\n<p>Estuvieron presentes el empresario inversor, Carlos Vesprini, el intendente de Trelew, Gerardo Merino, y la diputada nacional, Ana Clara Romero.<\/p>\n\n\n\n<p>La obra, que demandar\u00e1 alrededor de un a\u00f1o de ejecuci\u00f3n, se realizar\u00e1 bajo los beneficios de la Ley de Promoci\u00f3n Tur\u00edstica impulsada por el Gobierno del Chubut, en el marco de pol\u00edticas de incentivo fiscal y atracci\u00f3n de inversiones. Adem\u00e1s, generar\u00e1 trabajo para alrededor de 200 operarios afiliados a la UOCRA.<\/p>\n\n\n\n<p>&#8220;Vamos a tener un hotel de primer nivel, de la mano de inversi\u00f3n privada&#8221;, manifest\u00f3 el gobernador, remarcando que es una obra que &#8220;no va a pagar impuestos por los pr\u00f3ximos 15 a\u00f1os, esa es una pol\u00edtica de estado&#8221;.<\/p>\n\n\n\n<p>Adem\u00e1s, Torres anunci\u00f3 que el Gobierno Provincial pidi\u00f3 hacerse cargo de los activos y pasivos del programa PROCREAR, a fin de garantizar la continuidad y finalizaci\u00f3n de las viviendas: &#8220;Esta semana mantendremos reuniones para que nos traspasen el PROCREAR y garantizarles a las familias que van a tener sus viviendas&#8221;.<\/p>\n\n\n\n<p>Sumado a estos anuncios, tambi\u00e9n se pronunci\u00f3 respecto al estado de la ruta cercana a esta nueva obra: &#8220;La Ruta 3 se va a finalizar con recursos provinciales&#8221;, manifest\u00f3.<\/p>\n\n\n\n<p><strong>Fuente: www.elchubut.com.ar<\/strong><\/p>\n","protected":false},"excerpt":{"rendered":"<p>Se trata de una inversi\u00f3n cercana a los 30 millones de d\u00f3lares, que contempla la construcci\u00f3n del primer hotel cuatro estrellas de Trelew, con 60 camas, un restaurante de cinco cubiertos, gimnasio con sauna, y un sal\u00f3n de eventos y convenciones. El desarrollo tambi\u00e9n incluye la ampliaci\u00f3n de la estaci\u00f3n de servicio, la construcci\u00f3n de [&hellip;]<\/p>\n","protected":false},"author":5,"featured_media":7289,"comment_status":"open","ping_status":"open","sticky":false,"template":"","format":"standard","meta":[],"categories":[14],"tags":[],"_links":{"self":[{"href":"https:\/\/politicapatagonica.com\/index.php\/wp-json\/wp\/v2\/posts\/7288"}],"collection":[{"href":"https:\/\/politicapatagonica.com\/index.php\/wp-json\/wp\/v2\/posts"}],"about":[{"href":"https:\/\/politicapatagonica.com\/index.php\/wp-json\/wp\/v2\/types\/post"}],"author":[{"embeddable":true,"href":"https:\/\/politicapatagonica.com\/index.php\/wp-json\/wp\/v2\/users\/5"}],"replies":[{"embeddable":true,"href":"https:\/\/politicapatagonica.com\/index.php\/wp-json\/wp\/v2\/comments?post=7288"}],"version-history":[{"count":2,"href":"https:\/\/politicapatagonica.com\/index.php\/wp-json\/wp\/v2\/posts\/7288\/revisions"}],"predecessor-version":[{"id":7300,"href":"https:\/\/politicapatagonica.com\/index.php\/wp-json\/wp\/v2\/posts\/7288\/revisions\/7300"}],"wp:featuredmedia":[{"embeddable":true,"href":"https:\/\/politicapatagonica.com\/index.php\/wp-json\/wp\/v2\/media\/7289"}],"wp:attachment":[{"href":"https:\/\/politicapatagonica.com\/index.php\/wp-json\/wp\/v2\/media?parent=7288"}],"wp:term":[{"taxonomy":"category","embeddable":true,"href":"https:\/\/politicapatagonica.com\/index.php\/wp-json\/wp\/v2\/categories?post=7288"},{"taxonomy":"post_tag","embeddable":true,"href":"https:\/\/politicapatagonica.com\/index.php\/wp-json\/wp\/v2\/tags?post=7288"}],"curies":[{"name":"wp","href":"https:\/\/api.w.org\/{rel}","templated":true}]}}