{"id":7280,"date":"2025-07-17T21:26:03","date_gmt":"2025-07-17T21:26:03","guid":{"rendered":"https:\/\/politicapatagonica.com\/?p=7280"},"modified":"2025-07-18T18:31:11","modified_gmt":"2025-07-18T18:31:11","slug":"fabian-leguizamon-en-la-expo-rural-hay-una-mirada-de-despojo-del-gobierno-nacional-que-perjudica-a-la-patagonia","status":"publish","type":"post","link":"https:\/\/politicapatagonica.com\/index.php\/2025\/07\/17\/fabian-leguizamon-en-la-expo-rural-hay-una-mirada-de-despojo-del-gobierno-nacional-que-perjudica-a-la-patagonia\/","title":{"rendered":"El vicegobernador de Santa Cruz asegur\u00f3 en la Expo Rural que &#8220;hay una mirada de despojo del Gobierno nacional que perjudica a la Patagonia\u201d"},"content":{"rendered":"\n<p>El vicegobernador&nbsp;<strong>Fabi\u00e1n Leguizam\u00f3n<\/strong>&nbsp;expres\u00f3 sus expectativas y destac\u00f3 la importancia de la participaci\u00f3n de Santa Cruz en la<strong>&nbsp;Expo Rural<\/strong>, que se realiza en el predio ferial de Palermo, en Buenos Aires. <strong>El funcionario resalt\u00f3 los avances, desaf\u00edos y reclam\u00f3 mayor atenci\u00f3n a las necesidades de la regi\u00f3n patag\u00f3nica.<\/strong><\/p>\n\n\n\n<h2>Una oportunidad para mostrar la provincia<\/h2>\n\n\n\n<p>Sobre la participaci\u00f3n de la provincia con stand propio en la Expo, Leguizam\u00f3n coment\u00f3 que desde el inicio del evento, la expectativa es alta. \u201c<strong>Santa Cruz tiene un stand maravilloso<\/strong>&nbsp;y venimos trabajando desde distintas \u00e1reas del gobierno para que la gente pueda visualizar todo lo que hacemos desde enero\u201d, afirm\u00f3.<\/p>\n\n\n\n<p>El objetivo, agreg\u00f3, es \u201cexponerle a cada habitante de Argentina&nbsp;<strong>lo que Santa Cruz ofrece<\/strong>, desde la producci\u00f3n, el turismo, la miner\u00eda y los hidrocarburos\u201d.<\/p>\n\n\n\n<h2>El trabajo coordinado en la provincia<\/h2>\n\n\n\n<p><strong>El vicegobernador destac\u00f3 la coordinaci\u00f3n entre organismos como Turismo y el Consejo Agrario<\/strong>, que han unido esfuerzos para presentar una visi\u00f3n integral. \u201c<strong>Es una oportunidad para vender lo que producimos<\/strong>, lo que hemos construido durante tanto tiempo, y ofrecerle a la sociedad lo que Santa Cruz puede aportar\u201d, subray\u00f3.<\/p>\n\n\n\n<p>Para Leguizam\u00f3n, la Expo Rural es una oportunidad que permite fortalecer la presencia provincial en el escenario nacional, promoviendo el crecimiento y la inversi\u00f3n.<\/p>\n\n\n\n<h2>Reclamos por la flexibilizaci\u00f3n sanitaria<\/h2>\n\n\n\n<p><strong>El \u00e1mbito rural santacruce\u00f1o <\/strong>y patag\u00f3nico est\u00e1 cruzado hoy por la flexibilizaci\u00f3n de la barrera sanitaria. Leguizam\u00f3n se refiri\u00f3 a esta problem\u00e1tica con cr\u00edticas hacia el gobierno nacional. \u201c<strong>Vemos que la mirada del gobierno nacional hacia el sector es de abandono al sector<\/strong>, y en la Patagonia,&nbsp;<strong>el sector ganadero es fundamental<\/strong>\u201d, advirti\u00f3.<\/p>\n\n\n\n<p>El funcionario se\u00f1al\u00f3 que Santa Cruz trabaja en conjunto con la dirigencia rural, ya que \u201centendemos que esto (la flexibilizaci\u00f3n de la barrera)&nbsp;<strong>los est\u00e1 perjudicando de una manera m\u00e1s que importante<\/strong>&nbsp;y nos va a tener a su lado, l\u00f3gicamente\u201d. Y agreg\u00f3, que ah\u00ed \u201ctambi\u00e9n tienen que estar much\u00edsimo s sectores que se ven perjudicados por pol\u00edticas que est\u00e1 llevando adelante el gobierno nacional\u201d.<\/p>\n\n\n\n<p>En relaci\u00f3n a los planteos generales de la Mesa de Enlace y la solicitud de reducci\u00f3n de retenciones, y obras de infraestructura, el vicegobernador enfatiz\u00f3&nbsp;<strong>la necesidad de pol\u00edticas que favorezcan la exportaci\u00f3n y el desarrollo productivo<\/strong>.<\/p>\n\n\n\n<p>Record\u00f3 su presencia en la \u00faltima reuni\u00f3n de gobernadores que se hizo en el CFI, d\u00f3nde el reclamo sobre la obra p\u00fablica \u201c<strong>fue un\u00e1nime<\/strong>\u201d y marc\u00f3 como necesario que el gobierno nacional \u201cempiece a naturalizar sus responsabilidades como propias y no trate de delegar cada problema que tiene\u201d.<\/p>\n\n\n\n<h2>Contexto econ\u00f3mico y gesti\u00f3n financiera en Santa Cruz<\/h2>\n\n\n\n<p>\u201c<strong>Hay que hacerse cargo y ser responsable de lo que a uno le toca<\/strong>\u201d insisti\u00f3 Leguizam\u00f3n, rechazando la idea de que las provincias se hagan cargo de las rutas nacionales, \u201ceso es much\u00edsimo dinero y nosotros, por ejemplo en Santa Cruz, estamos viendo&nbsp;<strong>c\u00f3mo han mermado los ingresos de la coparticipaci\u00f3n<\/strong>, de las regal\u00edas tambi\u00e9n\u201d.<\/p>\n\n\n\n<p><strong>Critic\u00f3 la decisi\u00f3n de desarmar Vialidad Nacional,<\/strong>&nbsp;\u201ccon la preocupaci\u00f3n que nos provoca a todos, no s\u00f3lo por la obra, sino respecto a los empleados, que son much\u00edsimos y teniendo en cuenta que hay familias atr\u00e1s\u201d.<\/p>\n\n\n\n<p>Para el vicegobernador, \u201c<strong>esta mirada de despojo que existe perjudica al pueblo<\/strong>, en este caso de la Patagonia\u201d.<\/p>\n\n\n\n<p>Leguizam\u00f3n explic\u00f3 que se vive \u201c<strong>un contexto muy dif\u00edcil<\/strong>\u201c. Y destac\u00f3 que Santa Cruz mantiene una&nbsp;<strong>gesti\u00f3n responsable<\/strong>, priorizando las necesidades m\u00e1s urgentes y buscando optimizar sus recursos, sin recurrir a pr\u00e9stamos internacionales como otras regiones.<\/p>\n\n\n\n<p>Y remarc\u00f3 sobre el impacto de las medidas que adopta el Gobierno nacional, \u201c<strong>estamos haciendo los reclamos y haci\u00e9ndonos cargo de lo que podemos<\/strong>&nbsp; hacerlo y de lo que no, l\u00f3gicamente no lo vamos a hacer\u201d.<\/p>\n\n\n\n<p>Mir\u00f3 como positivo el pago de YPF por las \u00e1reas que deja atr\u00e1s, \u201c<strong>es un recurso extraordianario que sabemos que debemos optimizar al m\u00e1ximo<\/strong>&nbsp;y en base a las necesidades y prioridades que tiene la Provincia\u201d, marc\u00f3.<\/p>\n\n\n\n<h2>Vetos y juicio por YPF<\/h2>\n\n\n\n<p>El vicegobernador expres\u00f3 su preocupaci\u00f3n por posibles vetos a leyes sancionadas en el Congreso, particularmente en temas de recursos y financiamiento. Consider\u00f3 que existe una tendencia del gobierno nacional a concentrar poder y recursos, lo que perjudica a las provincias. \u201c<strong>Pide mucho a las provincias y entendemos que desde el Gobierno nacional no se est\u00e1 teniendo la misma retribuci\u00f3n,&nbsp;<\/strong>cuando la relaci\u00f3n debe ser un ida y vuelta\u201d. Y lo que pas\u00f3 en el Congreso y el anuncio del veto a esas leyes, es una prueba de ello.<\/p>\n\n\n\n<p>Sobre el fallo de<strong>&nbsp;Loretta Preska<\/strong>&nbsp;que ordena al Estado nacional a entregar el<strong>&nbsp;51% de las acciones de YPF<\/strong>, lo primero que marc\u00f3 el vicegobernador, es que la sentencia \u201c<strong>es producto de la deficiencia que han tenido los gobiernos anteriores<\/strong>, los que nos han mentido descaradamente durante much\u00edsimos a\u00f1os\u201d.<\/p>\n\n\n\n<p>Y critic\u00f3: \u201cesta falta de seriedad y esta manera de negociar que tuvo el gobierno durante la gesti\u00f3n de&nbsp;<strong>Cristina (Kirchner)<\/strong>,&nbsp;<strong>ha generado un perjuicio enorme al pueblo argentino<\/strong>\u201c.&nbsp; Y se refiri\u00f3 al tema de la acciones de las provincias en YPF que deriv\u00f3 en que \u00e9stas lleven su reclamo directamente al Juzgado de Nueva York, \u201c<strong>esperemos que no tengamos que hacernos cargo de esta mala negociaci\u00f3n<\/strong>\u201c.<\/p>\n\n\n\n<p>Ante la consulta si este juicio puede afectar la marcha de YPF, \u201ccreo que s\u00ed, no genera ning\u00fan tipo de seguridad al querer invertir, por eso entiendo que<strong>&nbsp;el perjuicio es enorme<\/strong>\u201c.<\/p>\n\n\n\n<h2>El turismo como motor de desarrollo<\/h2>\n\n\n\n<p>Finalmente,&nbsp;<strong>Leguizam\u00f3n<\/strong>&nbsp;resalt\u00f3 el papel del turismo en la econom\u00eda provincial. En el stand de Santa Cruz se presentan las campa\u00f1as por la temporada invernal y nuevas propuestas para potenciar destinos tur\u00edsticos. \u201cTenemos lugares maravillosos en nuestra provincia y la intenci\u00f3n es poder potenciarlos\u201d.<\/p>\n\n\n\n<p>El turismo \u201c<strong>forma parte de la reconversi\u00f3n econ\u00f3mica que necesitamos hacer en Santa Cruz<\/strong>\u201c, valor\u00f3 que \u201ceste tipo de actividades (por stand en la Expo Rural), son actividades que van en ese sentido\u201d.<\/p>\n\n\n\n<p><strong>Fabi\u00e1n Leguizam\u00f3n concluy\u00f3: \u201cNuestro objetivo es seguir promoviendo el desarrollo de la provincia, defendiendo nuestros intereses y trabajando en conjunto con el sector privado y la comunidad\u201d, finaliz\u00f3.<\/strong><\/p>\n\n\n\n<p><strong>Fuente: laopinionaustral.com.ar<\/strong><\/p>\n","protected":false},"excerpt":{"rendered":"<p>El vicegobernador&nbsp;Fabi\u00e1n Leguizam\u00f3n&nbsp;expres\u00f3 sus expectativas y destac\u00f3 la importancia de la participaci\u00f3n de Santa Cruz en la&nbsp;Expo Rural, que se realiza en el predio ferial de Palermo, en Buenos Aires. El funcionario resalt\u00f3 los avances, desaf\u00edos y reclam\u00f3 mayor atenci\u00f3n a las necesidades de la regi\u00f3n patag\u00f3nica. Una oportunidad para mostrar la provincia Sobre la [&hellip;]<\/p>\n","protected":false},"author":5,"featured_media":7281,"comment_status":"open","ping_status":"open","sticky":false,"template":"","format":"standard","meta":[],"categories":[8],"tags":[],"_links":{"self":[{"href":"https:\/\/politicapatagonica.com\/index.php\/wp-json\/wp\/v2\/posts\/7280"}],"collection":[{"href":"https:\/\/politicapatagonica.com\/index.php\/wp-json\/wp\/v2\/posts"}],"about":[{"href":"https:\/\/politicapatagonica.com\/index.php\/wp-json\/wp\/v2\/types\/post"}],"author":[{"embeddable":true,"href":"https:\/\/politicapatagonica.com\/index.php\/wp-json\/wp\/v2\/users\/5"}],"replies":[{"embeddable":true,"href":"https:\/\/politicapatagonica.com\/index.php\/wp-json\/wp\/v2\/comments?post=7280"}],"version-history":[{"count":2,"href":"https:\/\/politicapatagonica.com\/index.php\/wp-json\/wp\/v2\/posts\/7280\/revisions"}],"predecessor-version":[{"id":7287,"href":"https:\/\/politicapatagonica.com\/index.php\/wp-json\/wp\/v2\/posts\/7280\/revisions\/7287"}],"wp:featuredmedia":[{"embeddable":true,"href":"https:\/\/politicapatagonica.com\/index.php\/wp-json\/wp\/v2\/media\/7281"}],"wp:attachment":[{"href":"https:\/\/politicapatagonica.com\/index.php\/wp-json\/wp\/v2\/media?parent=7280"}],"wp:term":[{"taxonomy":"category","embeddable":true,"href":"https:\/\/politicapatagonica.com\/index.php\/wp-json\/wp\/v2\/categories?post=7280"},{"taxonomy":"post_tag","embeddable":true,"href":"https:\/\/politicapatagonica.com\/index.php\/wp-json\/wp\/v2\/tags?post=7280"}],"curies":[{"name":"wp","href":"https:\/\/api.w.org\/{rel}","templated":true}]}}