{"id":7277,"date":"2025-07-17T21:13:40","date_gmt":"2025-07-17T21:13:40","guid":{"rendered":"https:\/\/politicapatagonica.com\/?p=7277"},"modified":"2025-07-18T18:27:44","modified_gmt":"2025-07-18T18:27:44","slug":"vuoto-inauguro-la-casa-ushuaia-en-buenos-aires","status":"publish","type":"post","link":"https:\/\/politicapatagonica.com\/index.php\/2025\/07\/17\/vuoto-inauguro-la-casa-ushuaia-en-buenos-aires\/","title":{"rendered":"Vuoto inaugur\u00f3 la Casa Ushuaia en CABA para establecer &#8220;un puente&#8221; entre su ciudad austral y el resto del pa\u00eds"},"content":{"rendered":"\n<p><br><strong>El intendente Walter Vuoto inaugur\u00f3 este martes la Casa Ushuaia en la Ciudad Aut\u00f3noma de Buenos Aires (CABA), y sostuvo que este nuevo espacio \u201ces un puente entre nuestra ciudad y el resto del pa\u00eds\u201d,<\/strong> concebido para acompa\u00f1ar a los j\u00f3venes fueguinos y a todas las personas residentes o de paso por la capital nacional que forman parte de la comunidad ushuaiense.E<\/p>\n\n\n\n<p><strong>Ubicada en Sarmiento 650<\/strong>, la Casa Ushuaia fue presentada en su sal\u00f3n \u2018Malvinas Argentinas\u2019, durante un acto que reuni\u00f3 a m\u00e1s de cien personas. Representantes de c\u00e1maras empresariales, culturales y del Congreso de la Naci\u00f3n, as\u00ed como tambi\u00e9n vecinos, estudiantes, artistas, adultos mayores y miembros de organizaciones sociales acompa\u00f1aron la apertura.<\/p>\n\n\n\n<p><strong>Junto al Intendente estuvo presente el jefe de Gabinete, Sebasti\u00e1n Iriarte, y la secretaria de Turismo, Viviana Manfredotti; tambi\u00e9n las senadoras Mar\u00eda Eugenia Dur\u00e9 y Cristina L\u00f3pez; las diputadas nacionales Andrea Freites y Carolina Yutrovic; el legislador provincial Juan Carlos Pino y la concejala Laura \u00c1vila.<\/strong><\/p>\n\n\n\n<p>Acompa\u00f1aron adem\u00e1s representantes de empresas fueguinas como Mirgor, Newsan, Agrot\u00e9cnica Fueguina y el hotel Arakur; as\u00ed como referentes de la Confederaci\u00f3n Argentina de la Mediana Empresa (CAME) y del Banco Macro; adem\u00e1s <strong>del intendente del partido bonaerense de Merlo, Gustavo Men\u00e9ndez, quien comparti\u00f3 el encuentro institucional con su par fueguino. Las responsables del nuevo espacio, Sof\u00eda Castellano y Carina B\u00e1ez, estuvieron a cargo de la recepci\u00f3n y presentaci\u00f3n del lugar.<\/strong><\/p>\n\n\n\n<p><strong>\u201cEsta Casa es de todos y para todos\u201d<\/strong><\/p>\n\n\n\n<p>Durante la ceremonia de inauguraci\u00f3n, Vuoto remarc\u00f3 que la Casa Ushuaia \u201cno es solo un edificio, sino una pol\u00edtica p\u00fablica viva\u201d, que ofrece acompa\u00f1amiento concreto, contenci\u00f3n y oportunidades reales para quienes se encuentran lejos de su tierra.<strong> \u201cEsta Casa es de todos y para todos. Un lugar para encontrarse, para expresarse y para proyectarse. Ushuaia y toda la provincia de Tierra del Fuego est\u00e1 presente, tambi\u00e9n en Buenos Aires\u201d, afirm\u00f3.<\/strong><\/p>\n\n\n\n<p>El Intendente subray\u00f3 que los j\u00f3venes ser\u00e1n el eje principal del trabajo en la Casa Ushuaia. En ese marco se present\u00f3 el \u2018Programa Integral para Juventudes\u2019, que brindar\u00e1 talleres de orientaci\u00f3n vocacional y laboral; espacios de salud mental; actividades recreativas; atenci\u00f3n psicol\u00f3gica presencial y una sala de estudio con conectividad disponible de lunes a viernes.<\/p>\n\n\n\n<p><strong>\u201cInvertir en las juventudes es invertir en el presente y en el futuro\u201d, expres\u00f3 Vuoto, y destac\u00f3 la entrega de materiales deportivos como parte del acompa\u00f1amiento a j\u00f3venes fueguinos que se forman en otras provincias<\/strong>. Tambi\u00e9n mencion\u00f3 que la Casa acompa\u00f1ar\u00e1 a personas jubiladas que se han radicado en CABA; y a quienes son derivados de la provincia por motivos de salud u otros tr\u00e1mites.<\/p>\n\n\n\n<p>Entre los momentos destacados de la jornada, se present\u00f3 la obra \u2018Zamba en el viento\u2019, interpretada por estudiantes fueguinos de la Universidad de las Artes, en homenaje al territorio y la memoria austral. Tambi\u00e9n se inaugur\u00f3 una muestra de la artista Micaela N\u00fa\u00f1ez, con curadur\u00eda de Mercedes Guanziroli, que refleja la identidad plural de Ushuaia desde el arte contempor\u00e1neo.<\/p>\n\n\n\n<p>Adem\u00e1s, se realiz\u00f3 la entrega de material bibliogr\u00e1fico del Museo Mar\u00edtimo y del Presidio, y se celebr\u00f3 la declaraci\u00f3n de inter\u00e9s cultural de la gira nacional e internacional \u2018El Tango desde el Fin del Mundo\u2019, protagonizada por la fueguina Micaela Sancho, quien ofreci\u00f3 un emotivo concierto. La jornada culmin\u00f3 con la presentaci\u00f3n de Palacio Tango, sorteos de obras y libros, y un cierre festivo con DJ y catering.<\/p>\n\n\n\n<p><strong>\u201cRecordamos de d\u00f3nde venimos para saber hacia d\u00f3nde vamos\u201d<\/strong><\/p>\n\n\n\n<p><strong>Vuoto valor\u00f3 especialmente que la Casa tambi\u00e9n ser\u00e1 un espacio para dise\u00f1ar estrategias de desarrollo tur\u00edstico, con el objetivo de recuperar el mercado nacional e internacional, que &#8211; seg\u00fan indic\u00f3- &nbsp;ha ca\u00eddo un 40%. \u201cCuando hay un Estado Nacional que se retira, nosotros seguimos generando espacios. Proyectamos y pensamos en una Ushuaia con el doble de poblaci\u00f3n. A la pol\u00edtica de contenci\u00f3n le sumamos modernizaci\u00f3n y alternativas de crecimiento\u201d, sostuvo.<\/strong><\/p>\n\n\n\n<p>El Intendente destac\u00f3 la importancia de una articulaci\u00f3n inteligente entre el Estado y el sector privado, y agradeci\u00f3 el acompa\u00f1amiento de empresas fueguinas como Mirgor, Newsan, Agrot\u00e9cnica Fueguina, adem\u00e1s del hotel Arakur, representantes de la CAME y el Banco Macro.<\/p>\n\n\n\n<p>En ese marco, <strong>anunci\u00f3 la firma de un convenio con Banco Macro<\/strong> para que vecinos de toda la provincia puedan sumarse a Comunidad +U, la billetera virtual municipal que incluir\u00e1 tr\u00e1mites, subsidios sociales reales y beneficios, y que ser\u00e1 presentada en los pr\u00f3ximos d\u00edas en Ushuaia junto a la C\u00e1mara de Comercio.<\/p>\n\n\n\n<p>Vuoto tambi\u00e9n agradeci\u00f3 el acompa\u00f1amiento constante de los y las representantes del Congreso que defienden los intereses de Tierra del Fuego, como las senadoras y diputadas presentes: Mar\u00eda Eugenia Dur\u00e9 y Andrea Freites, y afirm\u00f3 que \u201cseguiremos defendiendo nuestra matriz productiva y ampli\u00e1ndola\u201d.<\/p>\n\n\n\n<p>Finalmente, reconoci\u00f3 el trabajo de quienes estar\u00e1n al frente de la Casa Ushuaia: Carina B\u00e1ez y Sof\u00eda Castellano, responsables de coordinar el espacio y garantizar su funcionamiento cotidiano. \u201cRecordamos de d\u00f3nde venimos para saber hacia d\u00f3nde vamos. Esta Casa se va a mantener viva con cada taller, cada encuentro, cada paso de ustedes. El talento fueguino se muestra al pa\u00eds y al mundo. Y nuestra identidad, desde Ushuaia, sigue construy\u00e9ndose en comunidad\u201d, concluy\u00f3.<\/p>\n\n\n\n<p><strong>Detalles de la Casa Ushuaia en Buenos Aires: Actividades y servicios para fueguinos<\/strong><\/p>\n\n\n\n<p><strong>La nueva sede se distingue por su imponente fachada, intervenida por el escultor Jer\u00f3nimo Villalba, con obras inspiradas en s\u00edmbolos fueguinos como el faro Les \u00c9claireurs, ping\u00fcinos y albatros. Adem\u00e1s, dos muralistas fueguinas realizaron una intervenci\u00f3n art\u00edstica que abarca el frente del edificio y contin\u00faa hacia su interior, invitando a transe\u00fantes y visitantes a descubrir el esp\u00edritu del sur.<\/strong><\/p>\n\n\n\n<p>En declaraciones radiales, Sof\u00eda Castellano, delegada de la Casa, expres\u00f3 que \u201cel deseo es que Casa Ushuaia sea mucho m\u00e1s que una oficina: Buscamos que se convierta en un punto de referencia emocional, tur\u00edstico y social para quienes viven o transitan por Buenos Aires\u201d.<\/p>\n\n\n\n<p>En relaci\u00f3n a los servicios que ofrecer\u00e1 el espacio, se\u00f1al\u00f3 que<strong> \u201cel microcentro porte\u00f1o suele ser un espacio de paso, apresurado. Por eso buscamos generar un lugar que invite a detenerse, mirar y conectar con Ushuaia\u201d <\/strong>y remarc\u00f3 que \u201cCasa Ushuaia no solo cumple funciones administrativas: Se proyecta como un espacio abierto, accesible y comunitario con m\u00faltiples servicios\u201d.<\/p>\n\n\n\n<p>El espacio estar\u00e1 especialmente dirigido a j\u00f3venes fueguinos que estudian o trabajan en Buenos Aires, con la finalidad de generar redes de acompa\u00f1amiento y contenci\u00f3n. En este marco, Castellano precis\u00f3 que<strong> \u201cse desarrollar\u00e1n talleres de orientaci\u00f3n y reorientaci\u00f3n vocacional, conversatorios sobre consumos problem\u00e1ticos y vida saludable, espacios de asistencia psicol\u00f3gica tanto presencial como virtual, y actividades recreativas e integradoras\u201d.<\/strong><\/p>\n\n\n\n<p>Tambi\u00e9n se prev\u00e9 la implementaci\u00f3n de talleres de estimulaci\u00f3n cognitiva para personas jubiladas, con el objetivo de poner en marcha un programa espec\u00edfico destinado a la tercera edad, reconociendo la importante presencia de adultos mayores fueguinos en la ciudad.<\/p>\n\n\n\n<p>Gracias al trabajo articulado con la Secretar\u00eda de Turismo y su personal especializado, Casa Ushuaia ya funciona como centro de informaci\u00f3n tur\u00edstica, ofreciendo materiales, mapas, tablets y atenci\u00f3n personalizada a quienes deseen conocer o viajar a la ciudad m\u00e1s austral del mundo.<\/p>\n\n\n\n<p>Por \u00faltimo, Castellano adelant\u00f3 que <strong>\u201cse proyectan convenios con instituciones deportivas y culturales<\/strong> para brindar descuentos y beneficios a residentes fueguinos en Buenos Aires, promoviendo una mejor calidad de vida para quienes representan a Ushuaia en la gran ciudad\u201d.<\/p>\n\n\n\n<p><strong>Casa Ushuaia ser\u00e1 un punto de referencia para los fueguinos que estudian, trabajan o visitan Buenos Aires. All\u00ed podr\u00e1n encontrar orientaci\u00f3n, contenci\u00f3n, un espacio f\u00edsico para resolver tr\u00e1mites, conectarse con su comunidad y sentirse, una vez m\u00e1s, en casa.<\/strong><\/p>\n\n\n\n<p><strong>Fuente: www.eldiariodelfindelmundo.com<\/strong><\/p>\n","protected":false},"excerpt":{"rendered":"<p>El intendente Walter Vuoto inaugur\u00f3 este martes la Casa Ushuaia en la Ciudad Aut\u00f3noma de Buenos Aires (CABA), y sostuvo que este nuevo espacio \u201ces un puente entre nuestra ciudad y el resto del pa\u00eds\u201d, concebido para acompa\u00f1ar a los j\u00f3venes fueguinos y a todas las personas residentes o de paso por la capital nacional [&hellip;]<\/p>\n","protected":false},"author":5,"featured_media":7278,"comment_status":"open","ping_status":"open","sticky":false,"template":"","format":"standard","meta":[],"categories":[11],"tags":[],"_links":{"self":[{"href":"https:\/\/politicapatagonica.com\/index.php\/wp-json\/wp\/v2\/posts\/7277"}],"collection":[{"href":"https:\/\/politicapatagonica.com\/index.php\/wp-json\/wp\/v2\/posts"}],"about":[{"href":"https:\/\/politicapatagonica.com\/index.php\/wp-json\/wp\/v2\/types\/post"}],"author":[{"embeddable":true,"href":"https:\/\/politicapatagonica.com\/index.php\/wp-json\/wp\/v2\/users\/5"}],"replies":[{"embeddable":true,"href":"https:\/\/politicapatagonica.com\/index.php\/wp-json\/wp\/v2\/comments?post=7277"}],"version-history":[{"count":2,"href":"https:\/\/politicapatagonica.com\/index.php\/wp-json\/wp\/v2\/posts\/7277\/revisions"}],"predecessor-version":[{"id":7286,"href":"https:\/\/politicapatagonica.com\/index.php\/wp-json\/wp\/v2\/posts\/7277\/revisions\/7286"}],"wp:featuredmedia":[{"embeddable":true,"href":"https:\/\/politicapatagonica.com\/index.php\/wp-json\/wp\/v2\/media\/7278"}],"wp:attachment":[{"href":"https:\/\/politicapatagonica.com\/index.php\/wp-json\/wp\/v2\/media?parent=7277"}],"wp:term":[{"taxonomy":"category","embeddable":true,"href":"https:\/\/politicapatagonica.com\/index.php\/wp-json\/wp\/v2\/categories?post=7277"},{"taxonomy":"post_tag","embeddable":true,"href":"https:\/\/politicapatagonica.com\/index.php\/wp-json\/wp\/v2\/tags?post=7277"}],"curies":[{"name":"wp","href":"https:\/\/api.w.org\/{rel}","templated":true}]}}