{"id":7274,"date":"2025-07-17T20:24:33","date_gmt":"2025-07-17T20:24:33","guid":{"rendered":"https:\/\/politicapatagonica.com\/?p=7274"},"modified":"2025-07-18T18:23:54","modified_gmt":"2025-07-18T18:23:54","slug":"pro-rio-negro-definio-sus-candidatos-para-las-elecciones-pero-sigue-abierto-a-alianzas","status":"publish","type":"post","link":"https:\/\/politicapatagonica.com\/index.php\/2025\/07\/17\/pro-rio-negro-definio-sus-candidatos-para-las-elecciones-pero-sigue-abierto-a-alianzas\/","title":{"rendered":"PRO R\u00edo Negro defini\u00f3 sus candidatos para las elecciones aunque sigue abierto a alianzas"},"content":{"rendered":"\n<p>El&nbsp;<strong>PRO de R\u00edo Negro<\/strong>&nbsp;concluy\u00f3 su proceso interno y tiene sus candidatos para las elecciones nacionales de octubre con el legislador y presidente de la fuerza,&nbsp;Juan Martin,como cabeza de lista para el Senado&nbsp;y la barilochense Martina Lacour para Diputados.<\/p>\n\n\n\n<p>Las fuerzas pol\u00edticas rionegrinas comienzan a delinear sus propuestas aunque desde el&nbsp;<strong>PRO admitieron que contin\u00faan abiertos a eventuales alianzas<\/strong>. Las&nbsp;<strong>gestiones las lidera Martin en Buenos Aires<\/strong>&nbsp;y a pesar de que en declaraciones p\u00fablicas la diputada Lorena Villaverde descart\u00f3 un entendimiento con el partido amarillo a nivel provincial, no cierra la puerta a\u00fan de una eventual alianza con La Libertad Avanza.<\/p>\n\n\n\n<p>Las candidaturas del PRO, si avanza en soledad con su propia lista en octubre, tendr\u00e1 para el<strong>&nbsp;Senado a Martin, secundado por Claudia Bertora<\/strong>, referente de la Zona Andina, y Juan Murillo y Liliana Pagliaricci como suplentes.<\/p>\n\n\n\n<p>En el tramo de&nbsp;<strong>Diputados encabezar\u00e1 la legisladora Lacour secundada por Gast\u00f3n Varela&nbsp;<\/strong>del Alto Valle Oeste. Los suplentes ser\u00e1n Fanny Santagni y Cristian Perafan.<\/p>\n\n\n\n<p>El PRO ten\u00eda un cronograma electoral interno para definir con anterioridad sus candidaturas pero la posterg\u00f3 unos d\u00edas por las negociaciones mantenidas con LLA. Finalmente el plazo de presentaci\u00f3n de listas internas cerr\u00f3 el viernes pasado con una \u00fanica propuesta de unidad dentro de la fuerza que conduce Martin.<\/p>\n\n\n\n<p>Hasta el momento en el mapa electoral de los sectores afines a la gesti\u00f3n de Javier Milei, ya est\u00e1 definida la candidatura de Ariel Rivero para el Senado por Primero R\u00edo Negro y en las \u00faltimas horas confirm\u00f3 su postulaci\u00f3n Villaverde por LLA.<\/p>\n\n\n\n<p><strong>Fuente: www.rionegro.com.ar<\/strong><a href=\"https:\/\/www.rionegro.com.ar\/politica\/internas-del-pj-de-rio-negro-cierra-la-inscripcion-de-candidatos-y-se-preve-una-sola-propuesta-4211945\/\"><\/a><\/p>\n\n\n\n<p><a href=\"https:\/\/www.rionegro.com.ar\/politica\/villaverde-encabezara-la-lista-al-senado-de-la-libertad-avanza-en-rio-negro\/\"><\/a><\/p>\n","protected":false},"excerpt":{"rendered":"<p>El&nbsp;PRO de R\u00edo Negro&nbsp;concluy\u00f3 su proceso interno y tiene sus candidatos para las elecciones nacionales de octubre con el legislador y presidente de la fuerza,&nbsp;Juan Martin,como cabeza de lista para el Senado&nbsp;y la barilochense Martina Lacour para Diputados. Las fuerzas pol\u00edticas rionegrinas comienzan a delinear sus propuestas aunque desde el&nbsp;PRO admitieron que contin\u00faan abiertos a [&hellip;]<\/p>\n","protected":false},"author":5,"featured_media":7275,"comment_status":"open","ping_status":"open","sticky":false,"template":"","format":"standard","meta":[],"categories":[13],"tags":[],"_links":{"self":[{"href":"https:\/\/politicapatagonica.com\/index.php\/wp-json\/wp\/v2\/posts\/7274"}],"collection":[{"href":"https:\/\/politicapatagonica.com\/index.php\/wp-json\/wp\/v2\/posts"}],"about":[{"href":"https:\/\/politicapatagonica.com\/index.php\/wp-json\/wp\/v2\/types\/post"}],"author":[{"embeddable":true,"href":"https:\/\/politicapatagonica.com\/index.php\/wp-json\/wp\/v2\/users\/5"}],"replies":[{"embeddable":true,"href":"https:\/\/politicapatagonica.com\/index.php\/wp-json\/wp\/v2\/comments?post=7274"}],"version-history":[{"count":2,"href":"https:\/\/politicapatagonica.com\/index.php\/wp-json\/wp\/v2\/posts\/7274\/revisions"}],"predecessor-version":[{"id":7285,"href":"https:\/\/politicapatagonica.com\/index.php\/wp-json\/wp\/v2\/posts\/7274\/revisions\/7285"}],"wp:featuredmedia":[{"embeddable":true,"href":"https:\/\/politicapatagonica.com\/index.php\/wp-json\/wp\/v2\/media\/7275"}],"wp:attachment":[{"href":"https:\/\/politicapatagonica.com\/index.php\/wp-json\/wp\/v2\/media?parent=7274"}],"wp:term":[{"taxonomy":"category","embeddable":true,"href":"https:\/\/politicapatagonica.com\/index.php\/wp-json\/wp\/v2\/categories?post=7274"},{"taxonomy":"post_tag","embeddable":true,"href":"https:\/\/politicapatagonica.com\/index.php\/wp-json\/wp\/v2\/tags?post=7274"}],"curies":[{"name":"wp","href":"https:\/\/api.w.org\/{rel}","templated":true}]}}