{"id":7270,"date":"2025-07-16T23:09:00","date_gmt":"2025-07-16T23:09:00","guid":{"rendered":"https:\/\/politicapatagonica.com\/?p=7270"},"modified":"2025-07-16T23:09:00","modified_gmt":"2025-07-16T23:09:00","slug":"ziliotto-estara-en-la-convocatoria-de-la-sociedad-rural-a-gobernadores","status":"publish","type":"post","link":"https:\/\/politicapatagonica.com\/index.php\/2025\/07\/16\/ziliotto-estara-en-la-convocatoria-de-la-sociedad-rural-a-gobernadores\/","title":{"rendered":"Ziliotto estar\u00e1 en la convocatoria de la Sociedad Rural a gobernadores"},"content":{"rendered":"\n<p><strong>El gobernador de La Pampa, Sergio Ziliotto, participar\u00e1 este jueves a las 19 horas de una reuni\u00f3n convocada por la Sociedad Rural Argentina (SRA) en el marco de la Exposici\u00f3n Rural de Palermo.<\/strong><\/p>\n\n\n\n<p>La actividad fue organizada por las autoridades de la entidad agropecuaria y la invitaci\u00f3n fue cursada el pasado 26 de junio a los 24 gobernadores del pa\u00eds, es decir, varios d\u00edas antes de que<strong> se presentaran en el Senado los proyectos de ley vinculados a la distribuci\u00f3n de los Aportes del Tesoro Nacional (ATN) y del impuesto a los combustibles, que generaron tensiones con el gobierno nacional.<\/strong><\/p>\n\n\n\n<p>La actividad se denomina Encuentro Federal Campo, Naci\u00f3n y Provincias, y se desarrollar\u00e1 desde las 19 horas en el predio federal de la ciudad de Buenos Aires. La convocatoria de la SRA tiene como objetivo<strong> &#8220;promover un di\u00e1logo franco y constructivo entre los distintos niveles del Estado y la dirigencia agropecuaria nacional&#8221;<\/strong>, a fin de generar un espacio de cooperaci\u00f3n federal en torno a los desaf\u00edos y oportunidades del desarrollo territorial y productivo.<\/p>\n\n\n\n<p><strong>Adem\u00e1s del gobernador pampeano, ya confirmaron su asistencia otros mandatarios provinciales como Osvaldo Jaldo (Tucum\u00e1n), Rogelio Frigerio (Entre R\u00edos), Ignacio Torres (Chubut),\u00a0 Marcelo Orrego (San Juan), Rogelio Frigerio (Entre R\u00edos), Maxi Pullaro (Santa Fe), Mart\u00edn Llaryora (C\u00f3rdoba) y Ra\u00fal Jalil (Catamarca), junto a ministros de Producci\u00f3n y autoridades nacionales. Otros mandatarios a\u00fan no definieron su asistencia, mientras que algunos ya la descartaron. Adem\u00e1s, fueron invitados ministros de Producci\u00f3n provinciales y autoridades nacionales.<\/strong><\/p>\n\n\n\n<p>El jefe de Gabinete, Guillermo Francos, quien tambi\u00e9n recibi\u00f3 la invitaci\u00f3n, busc\u00f3 bajar el tono al encuentro: &#8220;No est\u00e1 prevista una reuni\u00f3n en La Rural con los gobernadores&#8221;, dijo este mi\u00e9rcoles.<strong> &#8220;Nos han convocado para la inauguraci\u00f3n de la Sociedad Rural y ah\u00ed seguro nos vamos a encontrar con los que vayan. Nos saludaremos, pero no creo que sea el momento de conversar sobre las leyes que estamos cuestionando&#8221;, <\/strong>aclar\u00f3.<\/p>\n\n\n\n<p>Desde el gobierno provincial destacaron que la presencia del gobernador responde a una convocatoria institucional previa, y no est\u00e1 relacionada con los debates legislativos actuales. <strong>La participaci\u00f3n forma parte de una pol\u00edtica activa de di\u00e1logo con los distintos sectores productivos, incluyendo el agro, y de fortalecimiento del federalismo en la agenda nacional.<\/strong><\/p>\n\n\n\n<p><strong>Fuente: www.eldiariodelapampa.com.ar<\/strong><\/p>\n","protected":false},"excerpt":{"rendered":"<p>El gobernador de La Pampa, Sergio Ziliotto, participar\u00e1 este jueves a las 19 horas de una reuni\u00f3n convocada por la Sociedad Rural Argentina (SRA) en el marco de la Exposici\u00f3n Rural de Palermo. La actividad fue organizada por las autoridades de la entidad agropecuaria y la invitaci\u00f3n fue cursada el pasado 26 de junio a [&hellip;]<\/p>\n","protected":false},"author":5,"featured_media":7271,"comment_status":"open","ping_status":"open","sticky":false,"template":"","format":"standard","meta":[],"categories":[10],"tags":[],"_links":{"self":[{"href":"https:\/\/politicapatagonica.com\/index.php\/wp-json\/wp\/v2\/posts\/7270"}],"collection":[{"href":"https:\/\/politicapatagonica.com\/index.php\/wp-json\/wp\/v2\/posts"}],"about":[{"href":"https:\/\/politicapatagonica.com\/index.php\/wp-json\/wp\/v2\/types\/post"}],"author":[{"embeddable":true,"href":"https:\/\/politicapatagonica.com\/index.php\/wp-json\/wp\/v2\/users\/5"}],"replies":[{"embeddable":true,"href":"https:\/\/politicapatagonica.com\/index.php\/wp-json\/wp\/v2\/comments?post=7270"}],"version-history":[{"count":1,"href":"https:\/\/politicapatagonica.com\/index.php\/wp-json\/wp\/v2\/posts\/7270\/revisions"}],"predecessor-version":[{"id":7272,"href":"https:\/\/politicapatagonica.com\/index.php\/wp-json\/wp\/v2\/posts\/7270\/revisions\/7272"}],"wp:featuredmedia":[{"embeddable":true,"href":"https:\/\/politicapatagonica.com\/index.php\/wp-json\/wp\/v2\/media\/7271"}],"wp:attachment":[{"href":"https:\/\/politicapatagonica.com\/index.php\/wp-json\/wp\/v2\/media?parent=7270"}],"wp:term":[{"taxonomy":"category","embeddable":true,"href":"https:\/\/politicapatagonica.com\/index.php\/wp-json\/wp\/v2\/categories?post=7270"},{"taxonomy":"post_tag","embeddable":true,"href":"https:\/\/politicapatagonica.com\/index.php\/wp-json\/wp\/v2\/tags?post=7270"}],"curies":[{"name":"wp","href":"https:\/\/api.w.org\/{rel}","templated":true}]}}