{"id":7233,"date":"2025-07-11T20:56:07","date_gmt":"2025-07-11T20:56:07","guid":{"rendered":"https:\/\/politicapatagonica.com\/?p=7233"},"modified":"2025-07-14T22:49:21","modified_gmt":"2025-07-14T22:49:21","slug":"para-ziliotto-se-dio-un-paso-mas-para-recuperar-recursos-que-son-de-las-provincias","status":"publish","type":"post","link":"https:\/\/politicapatagonica.com\/index.php\/2025\/07\/11\/para-ziliotto-se-dio-un-paso-mas-para-recuperar-recursos-que-son-de-las-provincias\/","title":{"rendered":"Para Ziliotto, &#8220;se dio un paso m\u00e1s para recuperar recursos que son de las provincias&#8221;"},"content":{"rendered":"\n<p><strong>El gobernador de La Pampa, Sergio Ziliotto, celebr\u00f3 la media sanci\u00f3n en el Senado de dos proyectos clave impulsados por las provincias: uno que propone redistribuir por coparticipaci\u00f3n los Aportes del Tesoro Nacional (ATN) y otro que busca lo mismo con la recaudaci\u00f3n del Impuesto a los Combustibles. <\/strong>Ambos textos fueron respaldados por los 23 gobernadores y el jefe de Gobierno porte\u00f1o, en un mensaje de unidad frente a lo que consideran una apropiaci\u00f3n de fondos por parte del Ejecutivo nacional.<\/p>\n\n\n\n<p>&#8220;Es un trabajo conjunto que iniciamos hace tiempo.<strong> Ayer se dio un paso m\u00e1s para recuperar recursos que son de las provincias<\/strong>. Nadie se salva solo, y menos en una Argentina tan desigual&#8221;, sostuvo Ziliotto en di\u00e1logo con Radio Splendid-990.<\/p>\n\n\n\n<p>Ziliotto fue enf\u00e1tico en destacar que estas <strong>leyes no est\u00e1n dirigidas &#8220;contra nadie&#8221;, sino que representan un intento por restablecer el federalismo y la equidad. &#8220;Nos hacemos cargo de la salud, la educaci\u00f3n, la seguridad, la justicia, la obra p\u00fablica. Lo hacemos con compromiso, pero necesitamos los recursos que nos corresponden<\/strong>. No estamos pidiendo m\u00e1s, estamos pidiendo lo que es nuestro&#8221;, subray\u00f3.<\/p>\n\n\n\n<p>En ese sentido, el mandatario pampeano<strong> remarc\u00f3 que la votaci\u00f3n en el Senado &#8220;recupera institucionalidad&#8221; y valor\u00f3 el respaldo de la mayor\u00eda de los legisladores que responden a las provincias<\/strong>. Evit\u00f3 polemizar con los gobernadores que no acompa\u00f1aron los proyectos, como Rogelio Frigerio (Entre R\u00edos) y Alfredo Cornejo (Mendoza), y prefiri\u00f3 poner el foco en el consenso logrado: &#8220;Todos los presidentes de bloque que se comprometieron, cumplieron&#8221;.<\/p>\n\n\n\n<p>&#8220;No es ajuste, es apropiaci\u00f3n&#8221;<\/p>\n\n\n\n<p>A contramano del discurso oficial, Ziliotto critic\u00f3 con dureza el modelo econ\u00f3mico del Gobierno nacional. Afirm\u00f3 que el ajuste fiscal que se est\u00e1 aplicando<strong> no distribuye el esfuerzo de forma equitativa<\/strong> y que, lejos de ordenar las cuentas, est\u00e1 dejando a una parte importante de la poblaci\u00f3n fuera del sistema.<\/p>\n\n\n\n<p>&#8220;El equilibrio fiscal es deseable, pero la discusi\u00f3n es c\u00f3mo se logra: \u00bfrecortando derechos o fortaleciendo los recursos del Estado?&#8221;, se pregunt\u00f3. Y agreg\u00f3: &#8220;La verdadera eficiencia del Estado no est\u00e1 en el ajuste salvaje, sino en expandir la econom\u00eda y administrar con responsabilidad&#8221;.<\/p>\n\n\n\n<p>Ziliotto defendi\u00f3 adem\u00e1s el rol de los Estados provinciales como ejemplos de eficiencia, al recordar que varias jurisdicciones alcanzaron el super\u00e1vit fiscal sin recortar servicios esenciales. &#8220;El Estado puede ser austero y eficiente a la vez. En La Pampa lo demostramos cuando el mercado no llega y el Estado debe intervenir para garantizar derechos y generar desarrollo&#8221;, afirm\u00f3.<\/p>\n\n\n\n<p><strong>El gobernador reiter\u00f3 que el reclamo de las provincias se basa en la Ley de Coparticipaci\u00f3n, que fija un reparto del 58% para las jurisdicciones y un 42% para Naci\u00f3n. &#8220;Esa l\u00f3gica es la que inspira estos proyectos. No es algo nuevo ni caprichoso: es lo que la ley manda y lo que la Constituci\u00f3n respalda&#8221;, afirm\u00f3.<\/strong><\/p>\n\n\n\n<p>Finalmente, Ziliotto llam\u00f3 a superar la l\u00f3gica del antagonismo y la grieta, y pidi\u00f3 que la discusi\u00f3n pol\u00edtica vuelva a centrarse en las necesidades concretas de la gente.&nbsp;<\/p>\n\n\n\n<p><strong>&#8220;Lamentablemente, hoy se vende el conflicto. Pero los gobernadores estamos unidos en una causa justa: reclamar los fondos que nos corresponden, para poder seguir garantizando derechos a nuestras comunidades&#8221;, concluy\u00f3<\/strong>.<\/p>\n\n\n\n<p><strong>Fuente: www.eldiariodelapampa.com.ar<\/strong><\/p>\n","protected":false},"excerpt":{"rendered":"<p>El gobernador de La Pampa, Sergio Ziliotto, celebr\u00f3 la media sanci\u00f3n en el Senado de dos proyectos clave impulsados por las provincias: uno que propone redistribuir por coparticipaci\u00f3n los Aportes del Tesoro Nacional (ATN) y otro que busca lo mismo con la recaudaci\u00f3n del Impuesto a los Combustibles. Ambos textos fueron respaldados por los 23 [&hellip;]<\/p>\n","protected":false},"author":5,"featured_media":7234,"comment_status":"open","ping_status":"open","sticky":false,"template":"","format":"standard","meta":[],"categories":[10],"tags":[],"_links":{"self":[{"href":"https:\/\/politicapatagonica.com\/index.php\/wp-json\/wp\/v2\/posts\/7233"}],"collection":[{"href":"https:\/\/politicapatagonica.com\/index.php\/wp-json\/wp\/v2\/posts"}],"about":[{"href":"https:\/\/politicapatagonica.com\/index.php\/wp-json\/wp\/v2\/types\/post"}],"author":[{"embeddable":true,"href":"https:\/\/politicapatagonica.com\/index.php\/wp-json\/wp\/v2\/users\/5"}],"replies":[{"embeddable":true,"href":"https:\/\/politicapatagonica.com\/index.php\/wp-json\/wp\/v2\/comments?post=7233"}],"version-history":[{"count":1,"href":"https:\/\/politicapatagonica.com\/index.php\/wp-json\/wp\/v2\/posts\/7233\/revisions"}],"predecessor-version":[{"id":7235,"href":"https:\/\/politicapatagonica.com\/index.php\/wp-json\/wp\/v2\/posts\/7233\/revisions\/7235"}],"wp:featuredmedia":[{"embeddable":true,"href":"https:\/\/politicapatagonica.com\/index.php\/wp-json\/wp\/v2\/media\/7234"}],"wp:attachment":[{"href":"https:\/\/politicapatagonica.com\/index.php\/wp-json\/wp\/v2\/media?parent=7233"}],"wp:term":[{"taxonomy":"category","embeddable":true,"href":"https:\/\/politicapatagonica.com\/index.php\/wp-json\/wp\/v2\/categories?post=7233"},{"taxonomy":"post_tag","embeddable":true,"href":"https:\/\/politicapatagonica.com\/index.php\/wp-json\/wp\/v2\/tags?post=7233"}],"curies":[{"name":"wp","href":"https:\/\/api.w.org\/{rel}","templated":true}]}}