{"id":7230,"date":"2025-07-11T20:49:39","date_gmt":"2025-07-11T20:49:39","guid":{"rendered":"https:\/\/politicapatagonica.com\/?p=7230"},"modified":"2025-07-11T20:49:40","modified_gmt":"2025-07-11T20:49:40","slug":"torres-en-el-aniversario-de-tecka-defender-nuestra-identidad-es-poner-la-bandera-de-chubut-por-encima-de-cualquier-color-politico","status":"publish","type":"post","link":"https:\/\/politicapatagonica.com\/index.php\/2025\/07\/11\/torres-en-el-aniversario-de-tecka-defender-nuestra-identidad-es-poner-la-bandera-de-chubut-por-encima-de-cualquier-color-politico\/","title":{"rendered":"Torres en el aniversario de Tecka: \u201cDefender nuestra identidad es poner la bandera de Chubut por encima de cualquier color pol\u00edtico\u201d"},"content":{"rendered":"\n<p><strong>El gobernador del Chubut, Ignacio \u201cNacho\u201d Torres, particip\u00f3 este viernes del 104\u00b0 aniversario de Tecka, donde encabez\u00f3 la inauguraci\u00f3n de obras de infraestructura,<\/strong> entreg\u00f3 bienes de acci\u00f3n social y puso en marcha, por primera vez, el servicio de Telemedicina en la localidad.<\/p>\n\n\n\n<p><strong>Acompa\u00f1aron al mandatario el intendente Jorge Seitune; el vicegobernador Gustavo Menna; la diputada nacional Ana Clara Romero; el ministro de Educaci\u00f3n, Jos\u00e9 Luis Punta; y los secretarios de Trabajo, Nicol\u00e1s Z\u00e1rate; de Ambiente, Juan Jos\u00e9 Rivera; de Ciencia y Tecnolog\u00eda, Guillermo Defoss\u00e9; y el subsecretario de Protecci\u00f3n Civil, Eduardo \u201cLalo\u201d P\u00e9rez;<\/strong> junto a autoridades de Loter\u00eda del Chubut, Vialidad Provincial, intendentes, jefes comunales y miembros del Gabinete.<\/p>\n\n\n\n<p><strong>\u201cEsto nos hace un poco m\u00e1s libres\u201d<\/strong><\/p>\n\n\n\n<p>En su discurso, Torres reivindic\u00f3 a los dirigentes \u201cque ponen la bandera de su pueblo por encima de cualquier color partidario y saben para qu\u00e9 hacen pol\u00edtica, sobre todo en momentos donde se fomenta el individualismo y se relativizan servicios esenciales del Estado\u201d.<\/p>\n\n\n\n<p>Remarc\u00f3 que \u201cestos pueblos son los que sostienen nuestra soberan\u00eda y hacen Patria, orgullosos de los pioneros que construyeron la provincia y la Naci\u00f3n\u201d. Y enfatiz\u00f3: <strong>\u201cQue hoy podamos hablar de una estaci\u00f3n de Telemedicina para Tecka, eso nos hace un poco m\u00e1s libres\u201d.<\/strong><\/p>\n\n\n\n<p><strong>Telemedicina y oportunidades<\/strong><\/p>\n\n\n\n<p><strong>El Gobernador fue claro: \u201cEn este momento, muchos levantan la bandera de la \u2018libertad\u2019, pero un pueblo es m\u00e1s libre cuando tiene las mismas oportunidades que una ciudad grande: acceso a carreras terciarias o universitarias, a actividades culturales y deportivas. Eso no es ser deficitario, es ser un poco m\u00e1s libre\u201d.<\/strong><\/p>\n\n\n\n<p>Y agreg\u00f3: \u201cQue hoy Tecka y sus futuras generaciones puedan acceder a un cardi\u00f3logo, un psic\u00f3logo y otras prestaciones m\u00e9dicas mediante tecnolog\u00eda, hace a este pueblo un poco m\u00e1s libre\u201d.<\/p>\n\n\n\n<p><strong>Identidad y compromiso<\/strong><\/p>\n\n\n\n<p>Torres agradeci\u00f3 especialmente \u201cel compromiso de Ana Clara Romero, que siempre est\u00e1 en las trincheras cuando hay que defender a Chubut, y de Gustavo Menna, nuestro vicegobernador, que nunca duda cuando toca dar la pelea por lo nuestro\u201d.<\/p>\n\n\n\n<p>Cerr\u00f3 remarcando la importancia del arraigo y la identidad provincial: \u201cPoner la bandera de Chubut por sobre cualquier espacio pol\u00edtico es lo que hoy estamos haciendo, y lo que debemos sostener m\u00e1s all\u00e1 de los gobiernos nacionales de turno\u201d.<\/p>\n\n\n\n<p><strong>Desarrollo y futuro<\/strong><\/p>\n\n\n\n<p>El intendente Jorge Seitune destac\u00f3 que Tecka \u201ces un lugar construido con amor, compromiso y dedicaci\u00f3n\u201d. Valor\u00f3 el acompa\u00f1amiento de la Provincia para fortalecer la educaci\u00f3n y el desarrollo local, y agradeci\u00f3 la presencia del Gobernador: \u201cSu compromiso impulsa el crecimiento de todas nuestras localidades\u201d.<\/p>\n\n\n\n<p><strong>Obras y anuncios<\/strong><\/p>\n\n\n\n<p><strong>Las actividades comenzaron frente al Palacio Municipal y continuaron en la Plaza General San Mart\u00edn, con izamiento del Pabell\u00f3n Nacional, Ted\u00e9um en la Parroquia Mar\u00eda Auxiliadora y un imponente Desfile C\u00edvico con instituciones y agrupaciones locales.<\/strong><\/p>\n\n\n\n<p>En ese marco, Torres inaugur\u00f3 la<strong> primera estaci\u00f3n de telediagn\u00f3stico de Tecka <\/strong>y la obra de adoquinado de dos arterias principales. Adem\u00e1s, junto a Ramiro Ibarra, presidente de Loter\u00eda del Chubut, entregaron bienes de acci\u00f3n social para el Hospital local y la Escuela N\u00b0 17.<\/p>\n\n\n\n<p><strong>La Secretar\u00eda de Trabajo, por instrucci\u00f3n del Gobernador, entregar\u00e1 maquinaria especializada para la fabricaci\u00f3n de baldosas de hormig\u00f3n<\/strong>, impulsando la producci\u00f3n local y generando empleo. Se prev\u00e9, adem\u00e1s, otorgar asistencia econ\u00f3mica a personas desocupadas para conformar cuadrillas de trabajo y capacitaci\u00f3n, fomentando mano de obra calificada y fortaleciendo la econom\u00eda regional.<\/p>\n\n\n\n<p><strong>Pavimento y tratamiento de residuos<\/strong><\/p>\n\n\n\n<p>Durante el acto, el presidente de Vialidad Provincial, Federico Drescher, y el intendente Seitune firmaron un acuerdo para pavimentar con adoquines de hormig\u00f3n la Avenida San Mart\u00edn y la Calle 27, cubriendo una superficie de 1.169 m\u00b2 con 47.600 bloques.<\/p>\n\n\n\n<p>Finalmente<strong>, el secretario de Ambiente, Juan Jos\u00e9 Rivera, rubric\u00f3 junto al intendente el acta para ampliar la planta de tratamiento de residuos urbanos, reforzando las pol\u00edticas de gesti\u00f3n sustentable para reducir el impacto ambiental y optimizar el tratamiento de residuos s\u00f3lidos.<\/strong><\/p>\n\n\n\n<p><strong>Fuente: www.elchubut.com.ar<\/strong><\/p>\n","protected":false},"excerpt":{"rendered":"<p>El gobernador del Chubut, Ignacio \u201cNacho\u201d Torres, particip\u00f3 este viernes del 104\u00b0 aniversario de Tecka, donde encabez\u00f3 la inauguraci\u00f3n de obras de infraestructura, entreg\u00f3 bienes de acci\u00f3n social y puso en marcha, por primera vez, el servicio de Telemedicina en la localidad. Acompa\u00f1aron al mandatario el intendente Jorge Seitune; el vicegobernador Gustavo Menna; la diputada [&hellip;]<\/p>\n","protected":false},"author":5,"featured_media":7231,"comment_status":"open","ping_status":"open","sticky":false,"template":"","format":"standard","meta":[],"categories":[14],"tags":[],"_links":{"self":[{"href":"https:\/\/politicapatagonica.com\/index.php\/wp-json\/wp\/v2\/posts\/7230"}],"collection":[{"href":"https:\/\/politicapatagonica.com\/index.php\/wp-json\/wp\/v2\/posts"}],"about":[{"href":"https:\/\/politicapatagonica.com\/index.php\/wp-json\/wp\/v2\/types\/post"}],"author":[{"embeddable":true,"href":"https:\/\/politicapatagonica.com\/index.php\/wp-json\/wp\/v2\/users\/5"}],"replies":[{"embeddable":true,"href":"https:\/\/politicapatagonica.com\/index.php\/wp-json\/wp\/v2\/comments?post=7230"}],"version-history":[{"count":1,"href":"https:\/\/politicapatagonica.com\/index.php\/wp-json\/wp\/v2\/posts\/7230\/revisions"}],"predecessor-version":[{"id":7232,"href":"https:\/\/politicapatagonica.com\/index.php\/wp-json\/wp\/v2\/posts\/7230\/revisions\/7232"}],"wp:featuredmedia":[{"embeddable":true,"href":"https:\/\/politicapatagonica.com\/index.php\/wp-json\/wp\/v2\/media\/7231"}],"wp:attachment":[{"href":"https:\/\/politicapatagonica.com\/index.php\/wp-json\/wp\/v2\/media?parent=7230"}],"wp:term":[{"taxonomy":"category","embeddable":true,"href":"https:\/\/politicapatagonica.com\/index.php\/wp-json\/wp\/v2\/categories?post=7230"},{"taxonomy":"post_tag","embeddable":true,"href":"https:\/\/politicapatagonica.com\/index.php\/wp-json\/wp\/v2\/tags?post=7230"}],"curies":[{"name":"wp","href":"https:\/\/api.w.org\/{rel}","templated":true}]}}