{"id":7223,"date":"2025-07-10T22:22:59","date_gmt":"2025-07-10T22:22:59","guid":{"rendered":"https:\/\/politicapatagonica.com\/?p=7223"},"modified":"2025-07-14T22:45:33","modified_gmt":"2025-07-14T22:45:33","slug":"vidal-recorrio-el-proyecto-vitivinicola-que-impulsa-el-consejo-agrario-provincial-en-lago-posadas","status":"publish","type":"post","link":"https:\/\/politicapatagonica.com\/index.php\/2025\/07\/10\/vidal-recorrio-el-proyecto-vitivinicola-que-impulsa-el-consejo-agrario-provincial-en-lago-posadas\/","title":{"rendered":"Vidal recorri\u00f3 el proyecto vitivin\u00edcola que impulsa el Consejo Agrario Provincial en Lago Posadas"},"content":{"rendered":"\n<p><strong>Durante la recorrida, las autoridades visitaron las chacras 55 y 56, <\/strong>terrenos pertenecientes a<strong>l Consejo Agrario Provincial,<\/strong> donde se lleva adelante la implantaci\u00f3n de un vi\u00f1edo que abarca <strong>12 hect\u00e1reas.<\/strong> La iniciativa forma parte del Plan de Desarrollo Vitivin\u00edcola de Santa Cruz, que se enmarca en una estrategia provincial de diversificaci\u00f3n productiva y valorizaci\u00f3n del trabajo rural.<\/p>\n\n\n\n<p>Los trabajos ejecutados hasta el momento incluyen:<\/p>\n\n\n\n<p><strong>-Mensura del lote y marcado de calles<\/strong><\/p>\n\n\n\n<p><strong>-Adquisici\u00f3n de un tractor para vi\u00f1edos<\/strong><\/p>\n\n\n\n<p><strong>-Apertura de calles y desmontado parcial con maquinaria pesada<\/strong><\/p>\n\n\n\n<p><strong>-Construcci\u00f3n de un reservorio de agua para riego<\/strong><\/p>\n\n\n\n<p><strong>-Limpieza del lote destinado a la plantaci\u00f3n<\/strong><\/p>\n\n\n\n<p><strong>-Construcci\u00f3n de alambrado perimetral<\/strong><\/p>\n\n\n\n<p><strong>-Adquisici\u00f3n de un electrogenerador para el riego y el sistema de prevenci\u00f3n contra heladas<\/strong><\/p>\n\n\n\n<p><strong>-Adquisici\u00f3n de 6.000 plantas con 6 variedades de uvas diferentes<\/strong><\/p>\n\n\n\n<p><strong>-Marcado de pozos y posteado de conducci\u00f3n para el vi\u00f1edo<\/strong><\/p>\n\n\n\n<p><strong>-Armado del sistema de riego: ca\u00f1er\u00edas principales y secundarias, goteo y aspersi\u00f3n<\/strong><\/p>\n\n\n\n<p><strong>-Inicio de la forestaci\u00f3n con estacones de sauces y \u00e1lamos<\/strong><\/p>\n\n\n\n<p><strong>-Obra civil para la instalaci\u00f3n del galp\u00f3n para la sala de m\u00e1quinas<\/strong><\/p>\n\n\n\n<p><strong>-Colocaci\u00f3n de carteler\u00eda identificatoria del proyecto<\/strong><\/p>\n\n\n\n<p>Pasada la etapa de las peores heladas, <strong>para el mes de septiembre estar\u00e1n sembradas las 6.000 plantas.<\/strong><\/p>\n\n\n\n<p><strong>Este proyecto no solo representa una apuesta innovadora para incorporar a Santa Cruz en el mapa vitivin\u00edcola nacional, sino que tambi\u00e9n fortalece el arraigo, la producci\u00f3n y el desarrollo sostenible en la regi\u00f3n.<\/strong><\/p>\n\n\n\n<p>\u201c<strong>Este es el resultado de una decisi\u00f3n pol\u00edtica muy clara del gobernador:<\/strong> volver a poner en valor la cultura del trabajo y apostar por la producci\u00f3n. Hace un a\u00f1o se anunciaron estas pol\u00edticas y hoy ya son una realidad\u201d, expres\u00f3 el presidente del CAP, Adri\u00e1n Su\u00e1rez.<\/p>\n\n\n\n<p>Desde el Consejo Agrario Provincial se contin\u00faa trabajando en el fortalecimiento de las econom\u00edas regionales, acompa\u00f1ando a las comunidades rurales y promoviendo el desarrollo productivo en cada rinc\u00f3n de la provincia.<\/p>\n\n\n\n<p><strong>Fuente: noticias.santacruz.gob.ar<\/strong><\/p>\n","protected":false},"excerpt":{"rendered":"<p>Durante la recorrida, las autoridades visitaron las chacras 55 y 56, terrenos pertenecientes al Consejo Agrario Provincial, donde se lleva adelante la implantaci\u00f3n de un vi\u00f1edo que abarca 12 hect\u00e1reas. La iniciativa forma parte del Plan de Desarrollo Vitivin\u00edcola de Santa Cruz, que se enmarca en una estrategia provincial de diversificaci\u00f3n productiva y valorizaci\u00f3n del [&hellip;]<\/p>\n","protected":false},"author":5,"featured_media":7224,"comment_status":"open","ping_status":"open","sticky":false,"template":"","format":"standard","meta":[],"categories":[8],"tags":[],"_links":{"self":[{"href":"https:\/\/politicapatagonica.com\/index.php\/wp-json\/wp\/v2\/posts\/7223"}],"collection":[{"href":"https:\/\/politicapatagonica.com\/index.php\/wp-json\/wp\/v2\/posts"}],"about":[{"href":"https:\/\/politicapatagonica.com\/index.php\/wp-json\/wp\/v2\/types\/post"}],"author":[{"embeddable":true,"href":"https:\/\/politicapatagonica.com\/index.php\/wp-json\/wp\/v2\/users\/5"}],"replies":[{"embeddable":true,"href":"https:\/\/politicapatagonica.com\/index.php\/wp-json\/wp\/v2\/comments?post=7223"}],"version-history":[{"count":1,"href":"https:\/\/politicapatagonica.com\/index.php\/wp-json\/wp\/v2\/posts\/7223\/revisions"}],"predecessor-version":[{"id":7225,"href":"https:\/\/politicapatagonica.com\/index.php\/wp-json\/wp\/v2\/posts\/7223\/revisions\/7225"}],"wp:featuredmedia":[{"embeddable":true,"href":"https:\/\/politicapatagonica.com\/index.php\/wp-json\/wp\/v2\/media\/7224"}],"wp:attachment":[{"href":"https:\/\/politicapatagonica.com\/index.php\/wp-json\/wp\/v2\/media?parent=7223"}],"wp:term":[{"taxonomy":"category","embeddable":true,"href":"https:\/\/politicapatagonica.com\/index.php\/wp-json\/wp\/v2\/categories?post=7223"},{"taxonomy":"post_tag","embeddable":true,"href":"https:\/\/politicapatagonica.com\/index.php\/wp-json\/wp\/v2\/tags?post=7223"}],"curies":[{"name":"wp","href":"https:\/\/api.w.org\/{rel}","templated":true}]}}