{"id":7217,"date":"2025-07-09T00:34:09","date_gmt":"2025-07-09T00:34:09","guid":{"rendered":"https:\/\/politicapatagonica.com\/?p=7217"},"modified":"2025-07-14T22:43:31","modified_gmt":"2025-07-14T22:43:31","slug":"weretilneck-suma-a-la-ucr-a-la-alianza-electoral-de-octubre","status":"publish","type":"post","link":"https:\/\/politicapatagonica.com\/index.php\/2025\/07\/09\/weretilneck-suma-a-la-ucr-a-la-alianza-electoral-de-octubre\/","title":{"rendered":"Weretilneck suma a la UCR a la alianza electoral de octubre en R\u00edo Negro"},"content":{"rendered":"\n<p>Alberto Weretilneck sigue con su marcha para ampliar el provincialismo. <strong>Ayer se reuni\u00f3 con la dirigencia de la CC-ARI y tambi\u00e9n con la de la UCR. As\u00ed, explora un entendimiento electoral con ambos partidos para formar una alianza de cara a la elecci\u00f3n de octubre.<\/strong><\/p>\n\n\n\n<p><strong>&#8220;Durante la jornada de ayer se concret\u00f3 una reuni\u00f3n formal con el gobernador Alberto Weretilneck y representantes de Juntos Somos R\u00edo Negro (JSRN), con el objetivo de reafirmar acuerdos existentes y trazar los lineamientos para una eventual confluencia electoral que exprese una propuesta moderna, democr\u00e1tica y profundamente rionegrina&#8221;,<\/strong> manifest\u00f3 un comunicado de la Uni\u00f3n C\u00edvica Radical, dando cumplimiento del mandato otorgado por la Convenci\u00f3n Provincial al Comit\u00e9 Central para iniciar la etapa de di\u00e1logo institucional con comit\u00e9s seccionales e intendentes radicales, en el marco de una estrategia de fortalecimiento partidario y articulaci\u00f3n pol\u00edtica en todo el territorio provincial.<\/p>\n\n\n\n<p><strong>El encuentro con el Gobernador y dirigentes de Juntos Somos R\u00edo Negro gir\u00f3 en torno a tres ejes centrales: la construcci\u00f3n de una propuesta plural y aut\u00f3noma,<\/strong> que refleje la diversidad territorial de R\u00edo Negro y consolide una identidad provincial s\u00f3lida; la <strong>promoci\u00f3n de un federalismo aut\u00e9ntico<\/strong>, que garantice una distribuci\u00f3n equitativa de recursos y refuerce el protagonismo de las provincias frente al centralismo nacional; <strong>y el impulso de un modelo de desarrollo sostenible<\/strong>, sustentado en los valores republicanos, la transparencia institucional y el respeto por la divisi\u00f3n de poderes.<\/p>\n\n\n\n<p>Durante la reuni\u00f3n, referentes del radicalismo expresaron un respaldo mayoritario a la posibilidad de avanzar en una alianza estrat\u00e9gica con JSRN, destacando la importancia de establecer l\u00edmites pol\u00edticos claros frente a los espacios que encarnan la polarizaci\u00f3n nacional.<\/p>\n\n\n\n<p><strong>\u201cEl radicalismo rionegrino supo ser un partido de gobierno y de poder. Decidimos que toda confluencia electoral debe construirse sobre los valores de la UCR y la impronta de nuestra historia provincial\u201d, expres\u00f3 Ariel Bernatene.<\/strong><\/p>\n\n\n\n<p>El presidente del Comit\u00e9 Central tambi\u00e9n subray\u00f3 que la b\u00fasqueda de acuerdos debe darse con fuerzas pol\u00edticas que compartan una visi\u00f3n federal, una identidad territorial clara y un compromiso con el desarrollo inclusivo:<strong> \u201cEl objetivo es construir una alternativa junto a partidos con conciencia social, dispuestos a fortalecer un Estado presente, cercano a la gente y especialmente a quienes m\u00e1s lo necesitan\u201d,<\/strong> concluy\u00f3.<\/p>\n\n\n\n<p><strong>Fuente: www.adnrionegro.com.ar<\/strong><\/p>\n","protected":false},"excerpt":{"rendered":"<p>Alberto Weretilneck sigue con su marcha para ampliar el provincialismo. Ayer se reuni\u00f3 con la dirigencia de la CC-ARI y tambi\u00e9n con la de la UCR. As\u00ed, explora un entendimiento electoral con ambos partidos para formar una alianza de cara a la elecci\u00f3n de octubre. &#8220;Durante la jornada de ayer se concret\u00f3 una reuni\u00f3n formal [&hellip;]<\/p>\n","protected":false},"author":5,"featured_media":7218,"comment_status":"open","ping_status":"open","sticky":false,"template":"","format":"standard","meta":[],"categories":[13],"tags":[],"_links":{"self":[{"href":"https:\/\/politicapatagonica.com\/index.php\/wp-json\/wp\/v2\/posts\/7217"}],"collection":[{"href":"https:\/\/politicapatagonica.com\/index.php\/wp-json\/wp\/v2\/posts"}],"about":[{"href":"https:\/\/politicapatagonica.com\/index.php\/wp-json\/wp\/v2\/types\/post"}],"author":[{"embeddable":true,"href":"https:\/\/politicapatagonica.com\/index.php\/wp-json\/wp\/v2\/users\/5"}],"replies":[{"embeddable":true,"href":"https:\/\/politicapatagonica.com\/index.php\/wp-json\/wp\/v2\/comments?post=7217"}],"version-history":[{"count":2,"href":"https:\/\/politicapatagonica.com\/index.php\/wp-json\/wp\/v2\/posts\/7217\/revisions"}],"predecessor-version":[{"id":7241,"href":"https:\/\/politicapatagonica.com\/index.php\/wp-json\/wp\/v2\/posts\/7217\/revisions\/7241"}],"wp:featuredmedia":[{"embeddable":true,"href":"https:\/\/politicapatagonica.com\/index.php\/wp-json\/wp\/v2\/media\/7218"}],"wp:attachment":[{"href":"https:\/\/politicapatagonica.com\/index.php\/wp-json\/wp\/v2\/media?parent=7217"}],"wp:term":[{"taxonomy":"category","embeddable":true,"href":"https:\/\/politicapatagonica.com\/index.php\/wp-json\/wp\/v2\/categories?post=7217"},{"taxonomy":"post_tag","embeddable":true,"href":"https:\/\/politicapatagonica.com\/index.php\/wp-json\/wp\/v2\/tags?post=7217"}],"curies":[{"name":"wp","href":"https:\/\/api.w.org\/{rel}","templated":true}]}}