{"id":7214,"date":"2025-07-09T00:22:36","date_gmt":"2025-07-09T00:22:36","guid":{"rendered":"https:\/\/politicapatagonica.com\/?p=7214"},"modified":"2025-07-14T22:40:36","modified_gmt":"2025-07-14T22:40:36","slug":"vamos-a-construir-la-unidad-del-peronismo-para-ganarle-a-milei-en-chubut","status":"publish","type":"post","link":"https:\/\/politicapatagonica.com\/index.php\/2025\/07\/09\/vamos-a-construir-la-unidad-del-peronismo-para-ganarle-a-milei-en-chubut\/","title":{"rendered":"Desde la oposici\u00f3n quieren &#8220;construir la unidad del peronismo para ganarle a Milei en Chubut\u201d"},"content":{"rendered":"\n<p><strong>Ambos precandidatos a diputados nacionales por el frente Unidos Podemos (PJ), han iniciado el camino de construir una propuesta superadora, para unir fuerzas y demostrar que con di\u00e1logo y humildad se puede empezar a allanar el camino rumbo a las elecciones de octubre.<\/strong><\/p>\n\n\n\n<p><strong>Dante Bowen<\/strong> agradeci\u00f3 como compa\u00f1ero y militante el gesto de<strong> Gamboa <\/strong>de tomar la decisi\u00f3n de sumarse al espacio que viene liderando el j\u00f3ven dirigente valletano, dejando de lado regionalismos abstractos o diferencias secundarias a la hora de pensar en construir una propuesta electoral que defienda de forma genuina y con fuerza la realidad de los chubutenses.<\/p>\n\n\n\n<p>De esta manera, <strong>Bowen sigue fortaleciendo su espacio pol\u00edtico de cara al cierre del proceso de internas que se dar\u00e1 para fines de esta semana y que tiene como paso intermedio la presentaci\u00f3n de avales que har\u00e1n las listas con aspiraciones en el d\u00eda de hoy.<\/strong><\/p>\n\n\n\n<p><strong>Gamboa remarc\u00f3 que luego de charlarlo y debatirlo con compa\u00f1eras y compa\u00f1eros de toda la provincia, en especial de su localidad Comodoro Rivadavia, llegaron a la s\u00edntesis de que es momento de construir en unidad, respetando la diversidad de territorios y experiencias que tienen que nutrir el armado de la lista electoral que se necesita hoy en d\u00eda.<\/strong><\/p>\n\n\n\n<p><strong>Ambos dirigentes se mostraron muy entusiasmados con la posibilidad de seguir sumando dirigentes pol\u00edticos, sindicales, sociales y culturales en los pr\u00f3ximos d\u00edas<\/strong>, potenciando una vez m\u00e1s el espacio pol\u00edtico que llevar\u00eda en primera instancia al dolavense Dante Bowen a las internas del frente peronista para la posterior contienda electoral de octubre por la diputaci\u00f3n nacional.<\/p>\n\n\n\n<p><strong>Fuente: www.elchubut.com.ar<\/strong><\/p>\n","protected":false},"excerpt":{"rendered":"<p>Ambos precandidatos a diputados nacionales por el frente Unidos Podemos (PJ), han iniciado el camino de construir una propuesta superadora, para unir fuerzas y demostrar que con di\u00e1logo y humildad se puede empezar a allanar el camino rumbo a las elecciones de octubre. Dante Bowen agradeci\u00f3 como compa\u00f1ero y militante el gesto de Gamboa de [&hellip;]<\/p>\n","protected":false},"author":5,"featured_media":7215,"comment_status":"open","ping_status":"open","sticky":false,"template":"","format":"standard","meta":[],"categories":[14],"tags":[],"_links":{"self":[{"href":"https:\/\/politicapatagonica.com\/index.php\/wp-json\/wp\/v2\/posts\/7214"}],"collection":[{"href":"https:\/\/politicapatagonica.com\/index.php\/wp-json\/wp\/v2\/posts"}],"about":[{"href":"https:\/\/politicapatagonica.com\/index.php\/wp-json\/wp\/v2\/types\/post"}],"author":[{"embeddable":true,"href":"https:\/\/politicapatagonica.com\/index.php\/wp-json\/wp\/v2\/users\/5"}],"replies":[{"embeddable":true,"href":"https:\/\/politicapatagonica.com\/index.php\/wp-json\/wp\/v2\/comments?post=7214"}],"version-history":[{"count":2,"href":"https:\/\/politicapatagonica.com\/index.php\/wp-json\/wp\/v2\/posts\/7214\/revisions"}],"predecessor-version":[{"id":7239,"href":"https:\/\/politicapatagonica.com\/index.php\/wp-json\/wp\/v2\/posts\/7214\/revisions\/7239"}],"wp:featuredmedia":[{"embeddable":true,"href":"https:\/\/politicapatagonica.com\/index.php\/wp-json\/wp\/v2\/media\/7215"}],"wp:attachment":[{"href":"https:\/\/politicapatagonica.com\/index.php\/wp-json\/wp\/v2\/media?parent=7214"}],"wp:term":[{"taxonomy":"category","embeddable":true,"href":"https:\/\/politicapatagonica.com\/index.php\/wp-json\/wp\/v2\/categories?post=7214"},{"taxonomy":"post_tag","embeddable":true,"href":"https:\/\/politicapatagonica.com\/index.php\/wp-json\/wp\/v2\/tags?post=7214"}],"curies":[{"name":"wp","href":"https:\/\/api.w.org\/{rel}","templated":true}]}}