{"id":7196,"date":"2025-07-04T22:21:00","date_gmt":"2025-07-04T22:21:00","guid":{"rendered":"https:\/\/politicapatagonica.com\/?p=7196"},"modified":"2025-07-04T22:21:01","modified_gmt":"2025-07-04T22:21:01","slug":"rio-negro-tiene-nueva-secretaria-de-educacion-quien-es-la-funcionaria-que-asumira-el-cargo","status":"publish","type":"post","link":"https:\/\/politicapatagonica.com\/index.php\/2025\/07\/04\/rio-negro-tiene-nueva-secretaria-de-educacion-quien-es-la-funcionaria-que-asumira-el-cargo\/","title":{"rendered":"R\u00edo Negro tiene nueva secretaria de Educaci\u00f3n: qui\u00e9n es la funcionaria que asumir\u00e1 el cargo"},"content":{"rendered":"\n<p>La\u00a0ministra de Educaci\u00f3n y Derechos Humanos de R\u00edo Negro, Patricia Campos, confirm\u00f3 este viernes<strong>\u00a0a la nueva secretaria de Educaci\u00f3n<\/strong>. Se trata de<strong>\u00a0Silvia Arza<\/strong>, que asumir\u00e1 el cargo que ocupaba Ana Laura Giovanini, quien de acuerdo a la informaci\u00f3n oficial,\u00a0<strong>dej\u00f3 el puesto por &#8220;motivos personales&#8221;.<\/strong><\/p>\n\n\n\n<p>En un comunicado oficial del Gobierno, se indic\u00f3 que Campos &#8220;agradeci\u00f3 el compromiso, el trabajo y la dedicaci\u00f3n de Giovanini&#8221; desde el inicio de esta gesti\u00f3n y dio la bienvenida a la nueva secretaria, en el contexto de una reuni\u00f3n de gabinete.<\/p>\n\n\n\n<h2>El perfil de la nueva secretaria de Educaci\u00f3n de R\u00edo Negro<\/h2>\n\n\n\n<hr class=\"wp-block-separator has-alpha-channel-opacity\"\/>\n\n\n\n<p>Arza, que tendr\u00e1 a su cargo un \u00e1rea importante en el diagrama provincial de Educaci\u00f3n,<strong>&nbsp;tiene 56 a\u00f1os, es oriunda de la ciudad chubutense de Trelew y es profesora de Educaci\u00f3n Primaria y Educaci\u00f3n F\u00edsica.<\/strong><\/p>\n\n\n\n<p>Su trayectoria en el sistema educativo rionegrino empez\u00f3 en 1988 como maestra de grado en la escuela primaria 319 de Viedma, inaugurada ese mismo a\u00f1o, y en la primaria 30, tambi\u00e9n de la ciudad capital.<\/p>\n\n\n\n<p>M\u00e1s tarde fue directora en varios establecimientos educativos<strong>, como la primaria 67 de Monte Bagual, primaria 336 de Viedma y la primaria 112 de Lamarque<\/strong>. Tambi\u00e9n tuvo un paso como profesora en la ESRN 4 viedmense.<\/p>\n\n\n\n<p>Se desempe\u00f1\u00f3 adem\u00e1s como referente de zonas en la direcci\u00f3n de Educaci\u00f3n Secundaria del ministerio, \u00e1rea en la que tambi\u00e9n trabaj\u00f3, desde 2015 a 2018, para la implementaci\u00f3n de la ESRN. Desde 2022 a la fecha ocup\u00f3 el cargo de<strong>\u00a0directora de Educaci\u00f3n Secundaria.<\/strong><\/p>\n\n\n\n<p><strong>Fuente: www.rionegro.com.ar<\/strong><\/p>\n","protected":false},"excerpt":{"rendered":"<p>La\u00a0ministra de Educaci\u00f3n y Derechos Humanos de R\u00edo Negro, Patricia Campos, confirm\u00f3 este viernes\u00a0a la nueva secretaria de Educaci\u00f3n. Se trata de\u00a0Silvia Arza, que asumir\u00e1 el cargo que ocupaba Ana Laura Giovanini, quien de acuerdo a la informaci\u00f3n oficial,\u00a0dej\u00f3 el puesto por &#8220;motivos personales&#8221;. En un comunicado oficial del Gobierno, se indic\u00f3 que Campos &#8220;agradeci\u00f3 [&hellip;]<\/p>\n","protected":false},"author":5,"featured_media":7197,"comment_status":"open","ping_status":"open","sticky":false,"template":"","format":"standard","meta":[],"categories":[13],"tags":[],"_links":{"self":[{"href":"https:\/\/politicapatagonica.com\/index.php\/wp-json\/wp\/v2\/posts\/7196"}],"collection":[{"href":"https:\/\/politicapatagonica.com\/index.php\/wp-json\/wp\/v2\/posts"}],"about":[{"href":"https:\/\/politicapatagonica.com\/index.php\/wp-json\/wp\/v2\/types\/post"}],"author":[{"embeddable":true,"href":"https:\/\/politicapatagonica.com\/index.php\/wp-json\/wp\/v2\/users\/5"}],"replies":[{"embeddable":true,"href":"https:\/\/politicapatagonica.com\/index.php\/wp-json\/wp\/v2\/comments?post=7196"}],"version-history":[{"count":1,"href":"https:\/\/politicapatagonica.com\/index.php\/wp-json\/wp\/v2\/posts\/7196\/revisions"}],"predecessor-version":[{"id":7198,"href":"https:\/\/politicapatagonica.com\/index.php\/wp-json\/wp\/v2\/posts\/7196\/revisions\/7198"}],"wp:featuredmedia":[{"embeddable":true,"href":"https:\/\/politicapatagonica.com\/index.php\/wp-json\/wp\/v2\/media\/7197"}],"wp:attachment":[{"href":"https:\/\/politicapatagonica.com\/index.php\/wp-json\/wp\/v2\/media?parent=7196"}],"wp:term":[{"taxonomy":"category","embeddable":true,"href":"https:\/\/politicapatagonica.com\/index.php\/wp-json\/wp\/v2\/categories?post=7196"},{"taxonomy":"post_tag","embeddable":true,"href":"https:\/\/politicapatagonica.com\/index.php\/wp-json\/wp\/v2\/tags?post=7196"}],"curies":[{"name":"wp","href":"https:\/\/api.w.org\/{rel}","templated":true}]}}