{"id":7041,"date":"2025-06-12T23:00:29","date_gmt":"2025-06-12T23:00:29","guid":{"rendered":"https:\/\/politicapatagonica.com\/?p=7041"},"modified":"2025-06-14T07:00:22","modified_gmt":"2025-06-14T07:00:22","slug":"rolando-figueroa-anuncio-ocho-obras-para-escuelas-tecnicas-en-que-localidades-estan","status":"publish","type":"post","link":"https:\/\/politicapatagonica.com\/index.php\/2025\/06\/12\/rolando-figueroa-anuncio-ocho-obras-para-escuelas-tecnicas-en-que-localidades-estan\/","title":{"rendered":"Rolando Figueroa anunci\u00f3 ocho obras para escuelas t\u00e9cnicas de Neuqu\u00e9n: en qu\u00e9 localidades est\u00e1n"},"content":{"rendered":"\n<p>El gobierno provincial anunci\u00f3 este jueves que se avanza en la construcci\u00f3n de&nbsp;<strong>40.000 metros cuadrados<\/strong>&nbsp;repartidos en ocho edificios nuevos destinados a establecimientos&nbsp;<strong>de educaci\u00f3n t\u00e9cnica<\/strong>. Se trata de la infraestructura para las EPET en&nbsp;<strong>Plottier, A\u00f1elo, Centenario, Neuqu\u00e9n capital, Rinc\u00f3n de los Sauces, San Patricio del Cha\u00f1ar, San Mart\u00edn de los Andes y Villa La Angostura<\/strong>.<\/p>\n\n\n\n<p>Seg\u00fan se indic\u00f3, adem\u00e1s, se trabaja en una reforma en la EPET 15 de Zapala. En algunos establecimientos ya se iniciaron las obras y en los restantes comenzar\u00e1n en lo que queda del a\u00f1o.<\/p>\n\n\n\n<p>Al respecto, el gobernador&nbsp;<strong>Rolando Figueroa<\/strong>&nbsp;recorri\u00f3 la obra de la EPET N\u00b0 25 de Plottier, que cuenta con un 30% de avance.<\/p>\n\n\n\n<p>\u201cLos neuquinos hemos elegido vivir de una manera diferente\u201d, remarc\u00f3 el gobernador durante la recorrida por la EPET 25 y expres\u00f3: \u201c<strong>Tenemos que invertir en educaci\u00f3n, salud, seguridad y en las obras de infraestructura&nbsp;<\/strong>que estaban tan retrasadas en esta provincia\u201d. \u201cUna vez m\u00e1s los neuquinos estamos demostrando que se puede\u201d, dijo y asegur\u00f3 que \u201cestamos en ejecuci\u00f3n de obras importantes\u201d.<\/p>\n\n\n\n<h2>El cuadro de situaci\u00f3n en las escuelas<\/h2>\n\n\n\n<p>En materia de educaci\u00f3n t\u00e9cnica, explic\u00f3 que entre las obras en ejecuci\u00f3n y otras en proceso licitatorio \u201cvamos a tener ocho escuelas de estas caracter\u00edsticas, m\u00e1s una ampliaci\u00f3n muy importante en Zapala\u201d. \u201cSon m\u00e1s de 40.000 metros cuadrados vinculados y enfocados hacia la educaci\u00f3n t\u00e9cnica, m\u00e1s otros 45.000 metros cuadrados en general con la educaci\u00f3n\u201d, detall\u00f3.<\/p>\n\n\n\n<p>Destac\u00f3 la presencia de intendentes durante la recorrida y consider\u00f3: \u201cEs muy importante que hayan tra\u00eddo a padres, concejales, miembros de la comunidad en general, docentes y directores para que puedan palpar lo que se est\u00e1 haciendo en la provincia\u201d.<\/p>\n\n\n\n<p>El mandatario estuvo acompa\u00f1ado por intendentes de localidades que tendr\u00e1n nuevos edificios de escuelas t\u00e9cnicas:&nbsp;<strong>Luis Bertolini<\/strong>&nbsp;(de Plottier);&nbsp;<strong>Gonzalo N\u00fa\u00f1ez<\/strong>&nbsp;(San Patricio del Cha\u00f1ar);&nbsp;<strong>Esteban Cimolai<\/strong>&nbsp;(Centenario);&nbsp;<strong>Carlos Saloniti<\/strong>&nbsp;(San Mart\u00edn de los Andes);&nbsp;<strong>Javier Murer<\/strong>&nbsp;(Villa La Angostura) y&nbsp;<strong>Norma Sep\u00falveda<\/strong>&nbsp;(Rinc\u00f3n de los Sauces). Tambi\u00e9n participaron concejales, delegados regionales, directivos de escuelas y miembros de las comunidades educativas de cada establecimiento.<\/p>\n\n\n\n<p>\u201cEsto lo estamos haciendo con fondos de los neuquinos\u201d, dijo Figueroa y destac\u00f3 la relevancia que desde su gesti\u00f3n se da a la pol\u00edtica educativa: \u201cGenerar una movilidad social a partir de la educaci\u00f3n es el camino y la mejor inversi\u00f3n que puede realizar un pueblo\u201d.<\/p>\n\n\n\n<p>\u201cEs muy importante todo lo que venimos desarrollando y estoy muy orgulloso de que esto venga de parte y lo valore la ciudadan\u00eda\u201d, manifest\u00f3 el gobernador y concluy\u00f3: \u201cEsto es crecer en obras y educaci\u00f3n bajo el lema de la neuquinidad; defendiendo lo propio, cuid\u00e1ndonos entre nosotros y haciendo estas obras importantes con los recursos del pueblo de Neuqu\u00e9n\u201d.<\/p>\n\n\n\n<p>La ministra de Educaci\u00f3n, Soledad Mart\u00ednez se\u00f1al\u00f3 que \u201crecorri\u00e9ndola se toma verdadera dimensi\u00f3n del impacto que tiene una obra de estas caracter\u00edsticas\u201d. Explic\u00f3 que se est\u00e1n ejecutando iniciativas que \u201cobedecen a la proyecci\u00f3n de matr\u00edcula y a la necesidad de la infraestructura que cada localidad presenta\u201d.<\/p>\n\n\n\n<h2>La situaci\u00f3n de Plottier<\/h2>\n\n\n\n<p><strong>\u201cPlottier, en este caso, es una de las localidades con mayor d\u00e9ficit de infraestructura educativa\u201d, enfatiz\u00f3 la ministra y asegur\u00f3 que \u201cera una prioridad para nosotros resolver esta escuela. Que tenga esta envergadura, es la respuesta adecuada que la comunidad educativa de Plottier necesita\u201d.<\/strong><\/p>\n\n\n\n<p>Mart\u00ednez destac\u00f3 que se est\u00e1 avanzando con proyectos para \u201cir resolviendo el d\u00e9ficit de infraestructura, que es muy importante y se enmarca en esos 4.000 millones de d\u00f3lares de los que el gobernador habla\u201d.<\/p>\n\n\n\n<p>Por su parte, la secretaria de Obras P\u00fablicas, <strong>Tanya Bertoldi explic\u00f3 que se trata de una escuela de m\u00e1s de 5.000 metros cuadrados y representa \u201cel prototipo m\u00e1s grande que tiene la provincia hasta ahora de las escuelas t\u00e9cnicas\u201d.<\/strong><\/p>\n\n\n\n<p>Inform\u00f3 que adem\u00e1s de 26 talleres, 10 aulas, laboratorios y biblioteca, contar\u00e1 con \u201cun SUM de casi 700 metros cuadrados con una altura de 7,5 metros\u201d. Destac\u00f3 que \u201c90 neuquinos est\u00e1n trabajando en esta obra\u201d.<\/p>\n\n\n\n<h2>Crecimiento<\/h2>\n\n\n\n<p><strong>El intendente de Plottier, Luis Bertolini asever\u00f3 que \u201cesta obra es un ejemplo claro de c\u00f3mo se resuelve el d\u00e9ficit que tienen las localidades en cuanto a educaci\u00f3n\u201d. \u201cNo vi en arquitectura escolar prototipos de esta escala. Eso muestra el compromiso del gobierno provincial para solucionar los problemas\u201d, agreg\u00f3.<\/strong><\/p>\n\n\n\n<p>Indic\u00f3 que la escuela \u201cest\u00e1 ubicada en una zona donde est\u00e1 creciendo la ciudad. Funcion\u00f3 en tr\u00e1ileres y ahora est\u00e1 funcionando en un lugar que ha acondicionado muy bien Educaci\u00f3n\u201d. Adem\u00e1s, destac\u00f3 el compromiso del gobierno provincial y la \u201cvelocidad en la soluci\u00f3n del problema\u201d.<\/p>\n\n\n\n<p><strong>La intendenta de Rinc\u00f3n de los Sauces, Norma Sep\u00falveda expres\u00f3 su satisfacci\u00f3n porque hoy se realizar\u00e1 el acto de apertura de sobres de la licitaci\u00f3n para la construcci\u00f3n de una EPET en la localidad que gobierna. \u201cTodo el trabajo que se hizo durante tanto tiempo, los funcionarios que dependen de nuestro gobernador realmente lo han escuchado y est\u00e1n dando una respuesta, no solamente en Rinc\u00f3n, sino en todas las localidades\u201d, indic\u00f3.<\/strong><\/p>\n\n\n\n<p>Agradeci\u00f3 la invitaci\u00f3n para recorrer la obra en Plottier junto con directivos de la EPET de Rinc\u00f3n de los Sauces, padres y madres de estudiantes del establecimiento, porque les permite observar \u201cla magnitud de lo que va a ser la escuela de Rinc\u00f3n\u201d.<\/p>\n\n\n\n<p>\u201cCelebramos y agradecemos sumamente el esfuerzo y el trabajo en conjunto que se hace, porque es una de las \u00fanicas provincias que est\u00e1 haciendo este tipo de obras con recursos propios de los neuquinos\u201d, a\u00f1adi\u00f3.<\/p>\n\n\n\n<p>\u201cEstamos ac\u00e1 en lo que es el SUM y creo que es inclusive m\u00e1s grande que el polideportivo, que es uno de los lugares m\u00e1s grandes que tenemos en Rinc\u00f3n. Adem\u00e1s de venir a dar respuesta a esta necesidad imperiosa que tiene la EPET 24, tambi\u00e9n va a ser un lugar de encuentro para toda la comunidad\u201d, finaliz\u00f3.<\/p>\n\n\n\n<h2>La obra de la EPET 25<\/h2>\n\n\n\n<p>Los trabajos cuentan con una<strong> inversi\u00f3n en el saldo renegociado de 7.813.043.341 pesos<\/strong>. El avance a mayo de este a\u00f1o es del 30% y el plazo de ejecuci\u00f3n es de 570 d\u00edas corridos, con una finalizaci\u00f3n prevista para mayo del a\u00f1o pr\u00f3ximo.<\/p>\n\n\n\n<p>Se trata de un edificio nuevo, con una superficie de 5.325 metros cuadrados y capacidad para 400 personas. La empresa constructora es Roque Mocciola SA.<\/p>\n\n\n\n<p>El programa arquitect\u00f3nico comprende diez aulas, laboratorio, aula para jefe de talleres, 26 talleres, sala de representaci\u00f3n, sal\u00f3n de usos m\u00faltiples, direcci\u00f3n, vicedirecci\u00f3n, regente, secretar\u00eda administrativa y archivos, sala para docentes, sala para no docentes, gabinete de asesor pedag\u00f3gico, sala MEPs, sala de uso com\u00fan de estudiantes, recepci\u00f3n y guardia.<\/p>\n\n\n\n<h2>Licitaron la construcci\u00f3n del edificio de la EPET 24 de Rinc\u00f3n de los Sauces<\/h2>\n\n\n\n<p>Adem\u00e1s, <strong>este jueves por la ma\u00f1ana se realiz\u00f3 en Casa de Gobierno el acto de apertura de sobres para la construcci\u00f3n del nuevo edificio para la EPET N\u00b0 24 de Rinc\u00f3n de Los Sauces.<\/strong><\/p>\n\n\n\n<p>Para la construcci\u00f3n del edificio&nbsp;<strong>se presentaron tres ofertas<\/strong>, correspondientes a las empresas Roque Mocciola SA; Dinale SA y Ecosur Bah\u00eda SA. La obra cuenta con un presupuesto oficial de 12.753.316.112 pesos para una superficie cubierta de 4.996 metros cuadrados y un plazo de ejecuci\u00f3n de 570 d\u00edas corridos, equivalente a 19 meses.<\/p>\n\n\n\n<p><strong>La matr\u00edcula 2025 de esta escuela t\u00e9cnica es de 452 estudiantes, y ofrece la orientaci\u00f3n de T\u00e9cnico en Programaci\u00f3n. La instituci\u00f3n albergar\u00e1 a alrededor de 750 estudiantes y se emplazar\u00e1 sobre el sector este de la ciudad, pr\u00f3ximo a la ruta provincial N\u00b0 5, en un espacio de la ciudad en proceso de consolidaci\u00f3n.<\/strong><\/p>\n\n\n\n<p><strong>El nuevo edificio de la EPET N\u00ba 24 tendr\u00e1 10 aulas, 20 sanitarios en total; un laboratorio f\u00edsico, qu\u00edmico y de biolog\u00eda; Sal\u00f3n de Usos M\u00faltiples (SUM); biblioteca; 19 talleres; y ocho espacios destinados al \u00e1rea de gobierno y administraci\u00f3n, entre otros.<\/strong><\/p>\n\n\n\n<p>Tendr\u00e1 tambi\u00e9n bicicletero, espacio para kiosco y otro destinado a estudiantes; sector recreativo y playones deportivos. Por otro lado, contempla, en el \u00e1rea de servicios, cinco salas de m\u00e1quina, cicno dep\u00f3sitos de SUM, general, de limpieza y alimentos, un pa\u00f1ol-dep\u00f3sito de talleres, dos salas de rack y dos m\u00e1s de cisternas y tanques. La calefacci\u00f3n est\u00e1 prevista con la instalaci\u00f3n de calderas y un sistema de piso radiante.<\/p>\n\n\n\n<p>En la actualidad la instituci\u00f3n funciona en dos edificios cedidos por el municipio, y en ambos lugares se complementa el requerimiento de aulas con dispositivos transitorios de tr\u00e1iler, algunos de ellos tambi\u00e9n destinados a \u00e1reas de gobierno.<\/p>\n\n\n\n<p><strong>Fuente: www.lmneuquen.com<\/strong><\/p>\n","protected":false},"excerpt":{"rendered":"<p>El gobierno provincial anunci\u00f3 este jueves que se avanza en la construcci\u00f3n de&nbsp;40.000 metros cuadrados&nbsp;repartidos en ocho edificios nuevos destinados a establecimientos&nbsp;de educaci\u00f3n t\u00e9cnica. Se trata de la infraestructura para las EPET en&nbsp;Plottier, A\u00f1elo, Centenario, Neuqu\u00e9n capital, Rinc\u00f3n de los Sauces, San Patricio del Cha\u00f1ar, San Mart\u00edn de los Andes y Villa La Angostura. Seg\u00fan [&hellip;]<\/p>\n","protected":false},"author":5,"featured_media":7042,"comment_status":"open","ping_status":"open","sticky":false,"template":"","format":"standard","meta":[],"categories":[9],"tags":[],"_links":{"self":[{"href":"https:\/\/politicapatagonica.com\/index.php\/wp-json\/wp\/v2\/posts\/7041"}],"collection":[{"href":"https:\/\/politicapatagonica.com\/index.php\/wp-json\/wp\/v2\/posts"}],"about":[{"href":"https:\/\/politicapatagonica.com\/index.php\/wp-json\/wp\/v2\/types\/post"}],"author":[{"embeddable":true,"href":"https:\/\/politicapatagonica.com\/index.php\/wp-json\/wp\/v2\/users\/5"}],"replies":[{"embeddable":true,"href":"https:\/\/politicapatagonica.com\/index.php\/wp-json\/wp\/v2\/comments?post=7041"}],"version-history":[{"count":3,"href":"https:\/\/politicapatagonica.com\/index.php\/wp-json\/wp\/v2\/posts\/7041\/revisions"}],"predecessor-version":[{"id":7060,"href":"https:\/\/politicapatagonica.com\/index.php\/wp-json\/wp\/v2\/posts\/7041\/revisions\/7060"}],"wp:featuredmedia":[{"embeddable":true,"href":"https:\/\/politicapatagonica.com\/index.php\/wp-json\/wp\/v2\/media\/7042"}],"wp:attachment":[{"href":"https:\/\/politicapatagonica.com\/index.php\/wp-json\/wp\/v2\/media?parent=7041"}],"wp:term":[{"taxonomy":"category","embeddable":true,"href":"https:\/\/politicapatagonica.com\/index.php\/wp-json\/wp\/v2\/categories?post=7041"},{"taxonomy":"post_tag","embeddable":true,"href":"https:\/\/politicapatagonica.com\/index.php\/wp-json\/wp\/v2\/tags?post=7041"}],"curies":[{"name":"wp","href":"https:\/\/api.w.org\/{rel}","templated":true}]}}