{"id":7030,"date":"2025-06-11T21:47:02","date_gmt":"2025-06-11T21:47:02","guid":{"rendered":"https:\/\/politicapatagonica.com\/?p=7030"},"modified":"2025-06-12T12:56:09","modified_gmt":"2025-06-12T12:56:09","slug":"la-causa-malvinas-exige-compromiso-concreto","status":"publish","type":"post","link":"https:\/\/politicapatagonica.com\/index.php\/2025\/06\/11\/la-causa-malvinas-exige-compromiso-concreto\/","title":{"rendered":"Tierra del Fuego: \u201cLa causa Malvinas exige compromiso concreto\u201d"},"content":{"rendered":"\n<p><strong>El Gobierno de Tierra del Fuego conmemor\u00f3 el d\u00eda de la \u201cAfirmaci\u00f3n de los Derechos Argentinos sobre las Malvinas, Islas y sector ant\u00e1rtico\u201d con un emotivo acto realizado en el monumento a la soberan\u00eda de la ciudad de Ushuaia.<\/strong> Participaron la Vicegobernadora M\u00f3nica Urquiza, autoridades del Gabinete Provincial, Veteranos de Guerra de Malvinas, representantes del Municipio de Ushuaia, Fuerzas Armadas y de Seguridad.<\/p>\n\n\n\n<p><strong>El Secretario de Malvinas, Ant\u00e1rtida, Islas del Atl\u00e1ntico Sur y Asuntos Internacionales, Andr\u00e9s Dachary, resalt\u00f3 que \u201cel mundo est\u00e1 cambiando y no podemos seguir postergando nuestras decisiones estrat\u00e9gicas. En un contexto de conflictos internacionales crecientes, reafirmar nuestros derechos sobre Malvinas, las islas del Atl\u00e1ntico Sur y la Ant\u00e1rtida es una necesidad urgente\u201d.<\/strong><\/p>\n\n\n\n<p>El funcionario agreg\u00f3 que \u201csi queremos honrar a los hombres y mujeres que hicieron de su vida defender a la de la patria, que hicieron de eso su vocaci\u00f3n, si queremos honrar a nuestros veteranos de guerra, a nuestros ca\u00eddos, los invito a que repensemos lo que estamos haciendo hoy, la causa Malvinas exige compromiso concreto\u201d.<\/p>\n\n\n\n<p>Por su parte<strong> Clara Vernet, descendiente de Luis Vernet, Primer Comandante Pol\u00edtico y Militar de las Islas Malvinas, record\u00f3 que Luis Vernet escribi\u00f3: \u201cNo hay nada m\u00e1s natural que donde el hombre est\u00e9 bien, all\u00ed est\u00e1 su patria\u2019. Junto a Mar\u00eda S\u00e1ez y otros hombres y mujeres protagonizaron el heroico poblamiento de Malvinas en la d\u00e9cada de 1820.<\/strong><\/p>\n\n\n\n<p>Vernet destac\u00f3 \u201cla importancia estrat\u00e9gica, geopol\u00edtica, econ\u00f3mica y militar de las isas que nos corresponden por derecho jur\u00eddico, geogr\u00e1fico e hist\u00f3rico. Es por esto que hoy m\u00e1s que nunca tenemos que seguir levantando las banderas de soberan\u00eda y defender nuestro territorio&#8221;.<\/p>\n\n\n\n<p><strong>\u201cLos y las fueguinas son orgullo de los argentinos, porque como ese pueblo argentino en Malvinas, como Luis y Mar\u00eda, hacen soberan\u00eda al encarnar la patria y defenderla\u201d, concluy\u00f3<\/strong>.<\/p>\n\n\n\n<p>Finalizado el acto,<strong> la vicegobernadora Urquiza<\/strong> llam\u00f3 a\u00a0<strong>\u201crepasar la historia; la ocupaci\u00f3n argentina de Malvinas, la usurpaci\u00f3n por parte del Reino Unido y tambi\u00e9n la importancia de la Ant\u00e1rtida y su espacio geoestrat\u00e9gico\u201d<\/strong> y en ese marco \u201crepensar el escenario fueguino, teniendo en cuenta nuestra ubicaci\u00f3n, las vinculaciones cient\u00edficas y econ\u00f3micas que se derivan de la posici\u00f3n geogr\u00e1fica de Tierra del Fuego\u201d.<\/p>\n\n\n\n<p><strong>Fuente: www.eldiariodelfindelmundo.com<\/strong><\/p>\n","protected":false},"excerpt":{"rendered":"<p>El Gobierno de Tierra del Fuego conmemor\u00f3 el d\u00eda de la \u201cAfirmaci\u00f3n de los Derechos Argentinos sobre las Malvinas, Islas y sector ant\u00e1rtico\u201d con un emotivo acto realizado en el monumento a la soberan\u00eda de la ciudad de Ushuaia. Participaron la Vicegobernadora M\u00f3nica Urquiza, autoridades del Gabinete Provincial, Veteranos de Guerra de Malvinas, representantes del [&hellip;]<\/p>\n","protected":false},"author":5,"featured_media":7031,"comment_status":"open","ping_status":"open","sticky":false,"template":"","format":"standard","meta":[],"categories":[11],"tags":[],"_links":{"self":[{"href":"https:\/\/politicapatagonica.com\/index.php\/wp-json\/wp\/v2\/posts\/7030"}],"collection":[{"href":"https:\/\/politicapatagonica.com\/index.php\/wp-json\/wp\/v2\/posts"}],"about":[{"href":"https:\/\/politicapatagonica.com\/index.php\/wp-json\/wp\/v2\/types\/post"}],"author":[{"embeddable":true,"href":"https:\/\/politicapatagonica.com\/index.php\/wp-json\/wp\/v2\/users\/5"}],"replies":[{"embeddable":true,"href":"https:\/\/politicapatagonica.com\/index.php\/wp-json\/wp\/v2\/comments?post=7030"}],"version-history":[{"count":4,"href":"https:\/\/politicapatagonica.com\/index.php\/wp-json\/wp\/v2\/posts\/7030\/revisions"}],"predecessor-version":[{"id":7038,"href":"https:\/\/politicapatagonica.com\/index.php\/wp-json\/wp\/v2\/posts\/7030\/revisions\/7038"}],"wp:featuredmedia":[{"embeddable":true,"href":"https:\/\/politicapatagonica.com\/index.php\/wp-json\/wp\/v2\/media\/7031"}],"wp:attachment":[{"href":"https:\/\/politicapatagonica.com\/index.php\/wp-json\/wp\/v2\/media?parent=7030"}],"wp:term":[{"taxonomy":"category","embeddable":true,"href":"https:\/\/politicapatagonica.com\/index.php\/wp-json\/wp\/v2\/categories?post=7030"},{"taxonomy":"post_tag","embeddable":true,"href":"https:\/\/politicapatagonica.com\/index.php\/wp-json\/wp\/v2\/tags?post=7030"}],"curies":[{"name":"wp","href":"https:\/\/api.w.org\/{rel}","templated":true}]}}