{"id":7025,"date":"2025-06-11T21:41:09","date_gmt":"2025-06-11T21:41:09","guid":{"rendered":"https:\/\/politicapatagonica.com\/?p=7025"},"modified":"2025-06-12T12:59:15","modified_gmt":"2025-06-12T12:59:15","slug":"romeo-confirmo-que-la-boleta-unica-papel-se-estrenara-en-las-elecciones-de-vecinales","status":"publish","type":"post","link":"https:\/\/politicapatagonica.com\/index.php\/2025\/06\/11\/romeo-confirmo-que-la-boleta-unica-papel-se-estrenara-en-las-elecciones-de-vecinales\/","title":{"rendered":"Romeo confirm\u00f3 que la Boleta Unica Papel se estrenar\u00e1 en las elecciones de vecinales"},"content":{"rendered":"\n<p>En di\u00e1logo con FM EL CHUBUT, el secretario de Gobierno, Mario Romeo, confirm\u00f3 que finalmente implementar\u00e1n la Boleta Unica en la pr\u00f3xima renovaci\u00f3n de autoridades de las vecinales, que se realizar\u00e1 por tramos. Mencion\u00f3 que ya ingres\u00f3 en la Municipalidad la modificaci\u00f3n reglamentaria y hay varios modelos de boletas en los que est\u00e1 trabajando el Tribunal Electoral.<br>La Boleta Unica Papel fue incorporada al C\u00f3digo Electoral Provincial, que sancion\u00f3 la Legislatura del Chubut a finales del a\u00f1o pasado, y regir\u00e1 a partir de las pr\u00f3ximas elecciones del 2027. A nivel nacional, la BUP har\u00e1 su debut en las legislativas de octubre en las que Chubut renovar\u00e1 dos bancas en Diputados.<\/p>\n\n\n\n<p>Desde el Tribunal Electoral Municipal, luego de la sanci\u00f3n del C\u00f3digo Electoral Provincial, empez\u00f3 a circular la idea de incorporar la Boleta Unica Papel en las elecciones de las vecinales. Despu\u00e9s de varias idas y venidas, esto finalmente se materializar\u00e1 este a\u00f1o en los comicios de los barrios de la ciudad, que ser\u00e1n la antesala de las elecciones legislativas.<\/p>\n\n\n\n<p><strong>SIN SEM LOS SABADOS<br><\/strong>Por otro lado, Romeo indic\u00f3 que la decisi\u00f3n de quitar el Estacionamiento Medido los s\u00e1bados responde a un pedido realizado por la C\u00e1mara de Comercio, el cual les pareci\u00f3 razonable. Los comerciantes de Trelew esgrimen que no hay tanto movimiento los s\u00e1bados en el centro que justifique el cobro del estacionamiento. Romeo dijo que en efecto comprobaron con las estad\u00edsticas en mano que se usaba poco el SEM los s\u00e1bados.<\/p>\n\n\n\n<p>El mismo pedido de la Cicech, formulado a comienzos de este a\u00f1o, tambi\u00e9n inclu\u00eda una franja horaria vespertina durante la semana ya que entend\u00edan que esto desalienta la afluencia de gente en el centro y perjudica las ventas.<br>No obstante, en este \u00faltimo caso, el secretario de gobierno indic\u00f3 que decidieron no modificar los horarios habituales del SEM durante la semana. \u00abHab\u00edan pedido que se cobre un solo turno hasta las 16 horas. Llegamos a la conclusi\u00f3n de que no es bueno de lo que pretendemos del estacionamiento\u00bb, sostuvo.<br>Por lo tanto, el SEM seguir\u00e1 funcionando de lunes a viernes de 8 a 13 y de 16 a 20 como hasta ahora, mientras que los s\u00e1bados quedar\u00e1 liberado.<\/p>\n\n\n\n<p><strong>Fuente: www.elchubut.com.ar<\/strong><\/p>\n","protected":false},"excerpt":{"rendered":"<p>En di\u00e1logo con FM EL CHUBUT, el secretario de Gobierno, Mario Romeo, confirm\u00f3 que finalmente implementar\u00e1n la Boleta Unica en la pr\u00f3xima renovaci\u00f3n de autoridades de las vecinales, que se realizar\u00e1 por tramos. Mencion\u00f3 que ya ingres\u00f3 en la Municipalidad la modificaci\u00f3n reglamentaria y hay varios modelos de boletas en los que est\u00e1 trabajando el [&hellip;]<\/p>\n","protected":false},"author":5,"featured_media":7027,"comment_status":"open","ping_status":"open","sticky":false,"template":"","format":"standard","meta":[],"categories":[14],"tags":[],"_links":{"self":[{"href":"https:\/\/politicapatagonica.com\/index.php\/wp-json\/wp\/v2\/posts\/7025"}],"collection":[{"href":"https:\/\/politicapatagonica.com\/index.php\/wp-json\/wp\/v2\/posts"}],"about":[{"href":"https:\/\/politicapatagonica.com\/index.php\/wp-json\/wp\/v2\/types\/post"}],"author":[{"embeddable":true,"href":"https:\/\/politicapatagonica.com\/index.php\/wp-json\/wp\/v2\/users\/5"}],"replies":[{"embeddable":true,"href":"https:\/\/politicapatagonica.com\/index.php\/wp-json\/wp\/v2\/comments?post=7025"}],"version-history":[{"count":2,"href":"https:\/\/politicapatagonica.com\/index.php\/wp-json\/wp\/v2\/posts\/7025\/revisions"}],"predecessor-version":[{"id":7040,"href":"https:\/\/politicapatagonica.com\/index.php\/wp-json\/wp\/v2\/posts\/7025\/revisions\/7040"}],"wp:featuredmedia":[{"embeddable":true,"href":"https:\/\/politicapatagonica.com\/index.php\/wp-json\/wp\/v2\/media\/7027"}],"wp:attachment":[{"href":"https:\/\/politicapatagonica.com\/index.php\/wp-json\/wp\/v2\/media?parent=7025"}],"wp:term":[{"taxonomy":"category","embeddable":true,"href":"https:\/\/politicapatagonica.com\/index.php\/wp-json\/wp\/v2\/categories?post=7025"},{"taxonomy":"post_tag","embeddable":true,"href":"https:\/\/politicapatagonica.com\/index.php\/wp-json\/wp\/v2\/tags?post=7025"}],"curies":[{"name":"wp","href":"https:\/\/api.w.org\/{rel}","templated":true}]}}