{"id":7024,"date":"2025-06-11T21:42:18","date_gmt":"2025-06-11T21:42:18","guid":{"rendered":"https:\/\/politicapatagonica.com\/?p=7024"},"modified":"2025-06-11T21:42:19","modified_gmt":"2025-06-11T21:42:19","slug":"ziliotto-participara-este-viernes-de-la-reunion-con-francos","status":"publish","type":"post","link":"https:\/\/politicapatagonica.com\/index.php\/2025\/06\/11\/ziliotto-participara-este-viernes-de-la-reunion-con-francos\/","title":{"rendered":"Ziliotto participar\u00e1 este viernes de la reuni\u00f3n con Francos"},"content":{"rendered":"\n<p><strong>La reuni\u00f3n entre un grupo de gobernadores y el jefe de Gabinete de la Naci\u00f3n, Guillermo Francos, finalmente se realizar\u00e1 este viernes 13 de junio a las 11 de la ma\u00f1ana en Casa Rosada.<\/strong> El encuentro, que hab\u00eda sido convocado para el lunes pasado, fue postergado a \u00faltimo momento por decisi\u00f3n del Gobierno Nacional, en medio de un clima de creciente tensi\u00f3n por la situaci\u00f3n fiscal de las provincias.<\/p>\n\n\n\n<p><strong>El gobernador de La Pampa, Sergio Ziliotto, participar\u00e1 como uno de los representantes elegidos por sus pares provinciales para plantear las principales preocupaciones del interior ante el ministro coordinador. Junto a \u00e9l estar\u00e1n confirmados Rogelio Frigerio (Entre R\u00edos), Ignacio Torres (Chubut) y Mart\u00edn Llaryora (C\u00f3rdoba).<\/strong><\/p>\n\n\n\n<p><strong>La reuni\u00f3n fue convocada tras la presi\u00f3n ejercida por los mandatarios desde el Centro Federal de Inversiones (CFI) y durante la \u00faltima sesi\u00f3n en la C\u00e1mara de Diputados<\/strong>, cuando se aprob\u00f3 la ley de recomposici\u00f3n para jubilados con el apoyo de legisladores provinciales. El Gobierno accedi\u00f3 entonces a abrir un canal de di\u00e1logo, aunque no con el presidente Javier Milei \u2014que inici\u00f3 una gira por Europa e Israel\u2014 sino con su jefe de Gabinete.<\/p>\n\n\n\n<p>El temario ser\u00e1 abierto, pero se espera que<strong> los gobernadores transmitan su preocupaci\u00f3n por la fuerte ca\u00edda de la coparticipaci\u00f3n, la reducci\u00f3n de transferencias autom\u00e1ticas, la paralizaci\u00f3n de obras p\u00fablicas y la falta de respuestas frente al deterioro de servicios esenciales.<\/strong> Seg\u00fan estimaciones de la Comisi\u00f3n Federal de Impuestos, entre 2024 y 2025 se proyecta una merma acumulada de casi 7,4 billones de pesos, lo que equivale al 1% del PBI.<\/p>\n\n\n\n<p><strong>Ziliotto ha sido uno de los gobernadores m\u00e1s cr\u00edticos con la pol\u00edtica fiscal de la Casa Rosada. En la previa de esta reuni\u00f3n, comparti\u00f3 un informe del Ministerio de Econom\u00eda nacional y del IARAF (Instituto Argentino de An\u00e1lisis Fiscal) que revela que la presi\u00f3n tributaria nacional aument\u00f3 de 22,8% a 23% del PBI entre 2023 y 2024<\/strong>, mientras que la carga tributaria provincial baj\u00f3 de 5,1% a 4,8%. &#8220;Cuando la realidad destroza al relato. Y cuando sus propios informes desmienten al Gobierno Nacional&#8221;, escribi\u00f3 el mandatario pampeano en sus redes sociales.<\/p>\n\n\n\n<p>&#8220;Las provincias bajaron la presi\u00f3n de los impuestos. El Gobierno Nacional no. Un ejemplo en La Pampa: la Ley de Incentivos Fiscales genera menos carga tributaria, v\u00eda cr\u00e9ditos fiscales por mayor actividad econ\u00f3mica y generaci\u00f3n de empleo. Premiamos la inversi\u00f3n productiva&#8221;, subray\u00f3.<\/p>\n\n\n\n<p>Adem\u00e1s del reclamo por los recursos, <strong>los mandatarios tambi\u00e9n pedir\u00e1n la reactivaci\u00f3n de los Aportes del Tesoro Nacional (ATN) y el reinicio de obras de infraestructura clave, entre ellas el mantenimiento de rutas nacionales, paralizadas desde diciembre.<\/strong><\/p>\n\n\n\n<p>Los gobernadores<strong> exigen que el Gobierno nacional deje de aplicar ajustes unilaterales <\/strong>que afectan directamente la capacidad de los estados provinciales para sostener servicios b\u00e1sicos y atender las crecientes demandas sociales. Frente a la crisis, reclaman di\u00e1logo pol\u00edtico y coordinaci\u00f3n federal. La reuni\u00f3n del viernes ser\u00e1 una prueba clave para saber si el Gobierno nacional est\u00e1 dispuesto a escucharlos.<\/p>\n\n\n\n<p><strong>Fuente: www.eldiariodelapampa.com.ar<\/strong><\/p>\n","protected":false},"excerpt":{"rendered":"<p>La reuni\u00f3n entre un grupo de gobernadores y el jefe de Gabinete de la Naci\u00f3n, Guillermo Francos, finalmente se realizar\u00e1 este viernes 13 de junio a las 11 de la ma\u00f1ana en Casa Rosada. El encuentro, que hab\u00eda sido convocado para el lunes pasado, fue postergado a \u00faltimo momento por decisi\u00f3n del Gobierno Nacional, en [&hellip;]<\/p>\n","protected":false},"author":5,"featured_media":7026,"comment_status":"open","ping_status":"open","sticky":false,"template":"","format":"standard","meta":[],"categories":[10],"tags":[],"_links":{"self":[{"href":"https:\/\/politicapatagonica.com\/index.php\/wp-json\/wp\/v2\/posts\/7024"}],"collection":[{"href":"https:\/\/politicapatagonica.com\/index.php\/wp-json\/wp\/v2\/posts"}],"about":[{"href":"https:\/\/politicapatagonica.com\/index.php\/wp-json\/wp\/v2\/types\/post"}],"author":[{"embeddable":true,"href":"https:\/\/politicapatagonica.com\/index.php\/wp-json\/wp\/v2\/users\/5"}],"replies":[{"embeddable":true,"href":"https:\/\/politicapatagonica.com\/index.php\/wp-json\/wp\/v2\/comments?post=7024"}],"version-history":[{"count":1,"href":"https:\/\/politicapatagonica.com\/index.php\/wp-json\/wp\/v2\/posts\/7024\/revisions"}],"predecessor-version":[{"id":7029,"href":"https:\/\/politicapatagonica.com\/index.php\/wp-json\/wp\/v2\/posts\/7024\/revisions\/7029"}],"wp:featuredmedia":[{"embeddable":true,"href":"https:\/\/politicapatagonica.com\/index.php\/wp-json\/wp\/v2\/media\/7026"}],"wp:attachment":[{"href":"https:\/\/politicapatagonica.com\/index.php\/wp-json\/wp\/v2\/media?parent=7024"}],"wp:term":[{"taxonomy":"category","embeddable":true,"href":"https:\/\/politicapatagonica.com\/index.php\/wp-json\/wp\/v2\/categories?post=7024"},{"taxonomy":"post_tag","embeddable":true,"href":"https:\/\/politicapatagonica.com\/index.php\/wp-json\/wp\/v2\/tags?post=7024"}],"curies":[{"name":"wp","href":"https:\/\/api.w.org\/{rel}","templated":true}]}}