{"id":6984,"date":"2025-06-05T22:55:28","date_gmt":"2025-06-05T22:55:28","guid":{"rendered":"https:\/\/politicapatagonica.com\/?p=6984"},"modified":"2025-06-10T12:59:40","modified_gmt":"2025-06-10T12:59:40","slug":"nacion-aprobo-un-aumento-salarial-por-debajo-de-la-inflacion-para-petroleros-de-rio-negro-neuquen-y-la-pampa","status":"publish","type":"post","link":"https:\/\/politicapatagonica.com\/index.php\/2025\/06\/05\/nacion-aprobo-un-aumento-salarial-por-debajo-de-la-inflacion-para-petroleros-de-rio-negro-neuquen-y-la-pampa\/","title":{"rendered":"Naci\u00f3n aprob\u00f3 un aumento salarial por debajo de la inflaci\u00f3n para Petroleros de R\u00edo Negro, Neuqu\u00e9n y La Pampa"},"content":{"rendered":"\n<p>La Secretar\u00eda de Trabajo, Empleo y Seguridad Social de la Naci\u00f3n, dependiente del Ministerio de Capital Humano, inform\u00f3 este mi\u00e9rcoles la <strong>firma del nuevo acuerdo paritario entre el Sindicato del Petr\u00f3leo\u00a0y Gas Privado de R\u00edo Negro, Neuqu\u00e9n y La Pampa, y la C\u00e1mara de Exploraci\u00f3n y Producci\u00f3n de Hidrocarburos (CEPH).<\/strong> El comunicado oficial reconoce que el incremento salarial acordado se ubica por debajo de la inflaci\u00f3n proyectada.<\/p>\n\n\n\n<p>Seg\u00fan detall\u00f3 el comunicado oficial,<strong> el gremio conducido por Marcelo Rucci y Ernesto Inal <\/strong>acord\u00f3 con la representaci\u00f3n empresaria<strong>&nbsp;\u2014integrada por Marcelo Aldeco, Leandro Corengia, Federico Ozar\u00e1n, Jos\u00e9 Manson, Alejandro Gaisch y Walter Fern\u00e1ndez\u2014<\/strong>&nbsp;el cierre de la paritaria correspondiente al per\u00edodo abril 2024 \u2013 marzo 2025, con un incremento total del 4,3%.<\/p>\n\n\n\n<p>Este porcentaje se aplicar\u00e1 sobre los salarios de enero, febrero y marzo de 2025, y se distribuir\u00e1 en&nbsp;<strong>aumentos del 1,8% para enero, 1,5% para febrero y 1% para marzo.<\/strong>&nbsp;El documento oficial reconoci\u00f3 que este ajuste est\u00e1 por debajo de la inflaci\u00f3n proyectada para ese trimestre.<\/p>\n\n\n\n<hr class=\"wp-block-separator has-alpha-channel-opacity\"\/>\n\n\n\n<h2>El acuerdo 2025-2026 fija aumentos escalonados que no superar\u00e1n el 1% mensual promedio<\/h2>\n\n\n\n<hr class=\"wp-block-separator has-alpha-channel-opacity\"\/>\n\n\n\n<p>Adem\u00e1s, se firm\u00f3 el acuerdo paritario para el per\u00edodo abril 2025 \u2013 marzo 2026, que establece una pauta anual del 12%, distribuida en cuotas del 3% cada tres meses.&nbsp;<strong>Este incremento se calcular\u00e1 sobre la base salarial de abril de 2025, lo que, en t\u00e9rminos acumulados<\/strong>, implicar\u00e1 un aumento mensual promedio inferior al 1%. Se incluy\u00f3 una cl\u00e1usula de revisi\u00f3n en septiembre de 2025.<\/p>\n\n\n\n<h2><a href=\"https:\/\/www.rionegro.com.ar\/politica\/petroleros-acordaron-una-suba-salarial-retroactiva-a-septiembre-y-otra-suba-en-diciembre-3862337\/\">Petroleros acordaron dos aumentos salariales antes de fin de a\u00f1o y har\u00e1n una asamblea en A\u00f1elo<\/a><\/h2>\n\n\n\n<p>&#8220;El Ministerio de Capital Humano valora el compromiso del sector sindical y<strong>&nbsp;empresarial en el sostenimiento del di\u00e1logo social como herramienta fundamental para a<\/strong>lcanzar acuerdos que brinden previsibilidad a la actividad y resguarden el empleo&#8221;, expres\u00f3 el comunicado oficial<strong>.<\/strong><\/p>\n\n\n\n<p><strong>Fuente: www.rionegro.com.ar<\/strong><\/p>\n","protected":false},"excerpt":{"rendered":"<p>La Secretar\u00eda de Trabajo, Empleo y Seguridad Social de la Naci\u00f3n, dependiente del Ministerio de Capital Humano, inform\u00f3 este mi\u00e9rcoles la firma del nuevo acuerdo paritario entre el Sindicato del Petr\u00f3leo\u00a0y Gas Privado de R\u00edo Negro, Neuqu\u00e9n y La Pampa, y la C\u00e1mara de Exploraci\u00f3n y Producci\u00f3n de Hidrocarburos (CEPH). El comunicado oficial reconoce que [&hellip;]<\/p>\n","protected":false},"author":5,"featured_media":6985,"comment_status":"open","ping_status":"open","sticky":false,"template":"","format":"standard","meta":[],"categories":[10,9,13],"tags":[],"_links":{"self":[{"href":"https:\/\/politicapatagonica.com\/index.php\/wp-json\/wp\/v2\/posts\/6984"}],"collection":[{"href":"https:\/\/politicapatagonica.com\/index.php\/wp-json\/wp\/v2\/posts"}],"about":[{"href":"https:\/\/politicapatagonica.com\/index.php\/wp-json\/wp\/v2\/types\/post"}],"author":[{"embeddable":true,"href":"https:\/\/politicapatagonica.com\/index.php\/wp-json\/wp\/v2\/users\/5"}],"replies":[{"embeddable":true,"href":"https:\/\/politicapatagonica.com\/index.php\/wp-json\/wp\/v2\/comments?post=6984"}],"version-history":[{"count":2,"href":"https:\/\/politicapatagonica.com\/index.php\/wp-json\/wp\/v2\/posts\/6984\/revisions"}],"predecessor-version":[{"id":7007,"href":"https:\/\/politicapatagonica.com\/index.php\/wp-json\/wp\/v2\/posts\/6984\/revisions\/7007"}],"wp:featuredmedia":[{"embeddable":true,"href":"https:\/\/politicapatagonica.com\/index.php\/wp-json\/wp\/v2\/media\/6985"}],"wp:attachment":[{"href":"https:\/\/politicapatagonica.com\/index.php\/wp-json\/wp\/v2\/media?parent=6984"}],"wp:term":[{"taxonomy":"category","embeddable":true,"href":"https:\/\/politicapatagonica.com\/index.php\/wp-json\/wp\/v2\/categories?post=6984"},{"taxonomy":"post_tag","embeddable":true,"href":"https:\/\/politicapatagonica.com\/index.php\/wp-json\/wp\/v2\/tags?post=6984"}],"curies":[{"name":"wp","href":"https:\/\/api.w.org\/{rel}","templated":true}]}}