{"id":6980,"date":"2025-06-05T22:45:55","date_gmt":"2025-06-05T22:45:55","guid":{"rendered":"https:\/\/politicapatagonica.com\/?p=6980"},"modified":"2025-06-10T12:56:55","modified_gmt":"2025-06-10T12:56:55","slug":"claudio-vidal-aseguro-que-pidio-quitar-retenciones-al-langostino-y-reducir-el-costo-del-combustible","status":"publish","type":"post","link":"https:\/\/politicapatagonica.com\/index.php\/2025\/06\/05\/claudio-vidal-aseguro-que-pidio-quitar-retenciones-al-langostino-y-reducir-el-costo-del-combustible\/","title":{"rendered":"Claudio Vidal asegur\u00f3 que pidi\u00f3 quitar retenciones al langostino y reducir el costo del combustible"},"content":{"rendered":"\n<p><strong>El gobernador de Santa Cruz, Claudio Vidal, particip\u00f3 este jueves en Buenos Aires de una nueva reuni\u00f3n del Consejo Federal Pesquero. Estuvo junto al subsecretario de Pesca de la Naci\u00f3n, Juan Antonio L\u00f3pez Cazorla y expres\u00f3 en sus redes sociales que debatieron&nbsp;&#8220;alternativas viables a la grave crisis que afecta a toda la actividad langostinera&#8221;.<\/strong><\/p>\n\n\n\n<p>&#8220;Desde que comenz\u00f3 el conflicto que paraliza una de las actividades clave para nuestra provincia, estamos manteniendo reuniones constantes con todos los sectores involucrados, ya que nos ocupa de manera urgente la continuidad laboral de nuestros trabajadores&#8221;, expres\u00f3 Vidal.<\/p>\n\n\n\n<p>En ese sentido,<strong> comunic\u00f3 que solicit\u00f3 formalmente al gobierno nacional la suspensi\u00f3n de los derechos de exportaci\u00f3n para el langostino, una carga que seg\u00fan remarc\u00f3 &#8220;perjudica seriamente la competitividad del sector y pone en riesgo la estabilidad laboral de cientos de trabajadores&#8221;.<\/strong><\/p>\n\n\n\n<p>Adem\u00e1s, <strong>anunci\u00f3 una baja del 2,5% en el valor que abonan los buques por el combustible<\/strong>, como medida para &#8220;aliviar los costos operativos en un contexto sumamente delicado para el rubro&#8221;. &#8220;Buscamos acompa\u00f1ar al sector en este momento dif\u00edcil con decisiones concretas que permitan sostener la actividad&#8221;, se\u00f1al\u00f3 el mandatario.<\/p>\n\n\n\n<p>Por otro lado, el gobernador tambi\u00e9n asegur\u00f3 que <strong>ya est\u00e1n en marcha los procesos licitatorios para la reparaci\u00f3n de los sitios 3 y 4 del puerto de Puerto Deseado<\/strong>, as\u00ed como las gestiones para &#8220;habilitar el sector secundario de la terminal portuaria&#8221;.<\/p>\n\n\n\n<p><strong>Fuente: www.eldiarionuevodia.com.ar<\/strong><\/p>\n","protected":false},"excerpt":{"rendered":"<p>El gobernador de Santa Cruz, Claudio Vidal, particip\u00f3 este jueves en Buenos Aires de una nueva reuni\u00f3n del Consejo Federal Pesquero. Estuvo junto al subsecretario de Pesca de la Naci\u00f3n, Juan Antonio L\u00f3pez Cazorla y expres\u00f3 en sus redes sociales que debatieron&nbsp;&#8220;alternativas viables a la grave crisis que afecta a toda la actividad langostinera&#8221;. &#8220;Desde [&hellip;]<\/p>\n","protected":false},"author":5,"featured_media":6982,"comment_status":"open","ping_status":"open","sticky":false,"template":"","format":"standard","meta":[],"categories":[8],"tags":[],"_links":{"self":[{"href":"https:\/\/politicapatagonica.com\/index.php\/wp-json\/wp\/v2\/posts\/6980"}],"collection":[{"href":"https:\/\/politicapatagonica.com\/index.php\/wp-json\/wp\/v2\/posts"}],"about":[{"href":"https:\/\/politicapatagonica.com\/index.php\/wp-json\/wp\/v2\/types\/post"}],"author":[{"embeddable":true,"href":"https:\/\/politicapatagonica.com\/index.php\/wp-json\/wp\/v2\/users\/5"}],"replies":[{"embeddable":true,"href":"https:\/\/politicapatagonica.com\/index.php\/wp-json\/wp\/v2\/comments?post=6980"}],"version-history":[{"count":2,"href":"https:\/\/politicapatagonica.com\/index.php\/wp-json\/wp\/v2\/posts\/6980\/revisions"}],"predecessor-version":[{"id":7005,"href":"https:\/\/politicapatagonica.com\/index.php\/wp-json\/wp\/v2\/posts\/6980\/revisions\/7005"}],"wp:featuredmedia":[{"embeddable":true,"href":"https:\/\/politicapatagonica.com\/index.php\/wp-json\/wp\/v2\/media\/6982"}],"wp:attachment":[{"href":"https:\/\/politicapatagonica.com\/index.php\/wp-json\/wp\/v2\/media?parent=6980"}],"wp:term":[{"taxonomy":"category","embeddable":true,"href":"https:\/\/politicapatagonica.com\/index.php\/wp-json\/wp\/v2\/categories?post=6980"},{"taxonomy":"post_tag","embeddable":true,"href":"https:\/\/politicapatagonica.com\/index.php\/wp-json\/wp\/v2\/tags?post=6980"}],"curies":[{"name":"wp","href":"https:\/\/api.w.org\/{rel}","templated":true}]}}