{"id":6977,"date":"2025-06-05T20:27:30","date_gmt":"2025-06-05T20:27:30","guid":{"rendered":"https:\/\/politicapatagonica.com\/?p=6977"},"modified":"2025-06-10T12:53:15","modified_gmt":"2025-06-10T12:53:15","slug":"teqsa-retomara-inversion-para-industrializacion-del-gas","status":"publish","type":"post","link":"https:\/\/politicapatagonica.com\/index.php\/2025\/06\/05\/teqsa-retomara-inversion-para-industrializacion-del-gas\/","title":{"rendered":"TEQSA retomar\u00e1 la inversi\u00f3n para la industrializaci\u00f3n del gas en Tierra del Fuego"},"content":{"rendered":"\n<p><br>El gobernador <strong>Gustavo Melella<\/strong> alcanz\u00f3 un acuerdo con representantes de <strong>Tierra del Fuego Energ\u00eda <\/strong>y <strong>Qu\u00edmica Sociedad An\u00f3nima <\/strong>a partir del cual se resuelve el <strong>conflicto judicial <\/strong>que la empresa hab\u00eda iniciado contra la provincia a\u00f1os atr\u00e1s, acuerdo que no genera perjuicios econ\u00f3micos al Estado fueguino.<\/p>\n\n\n\n<p>Adem\u00e1s, gracias a esto, la compa\u00f1\u00eda <strong>retomar\u00e1 las inversiones <\/strong>para la instalaci\u00f3n de una planta de urea en la zona norte de la isla, lo que permitir\u00e1 dar un paso fundamental en la industrializaci\u00f3n del\u00a0 gas producido localmente.<\/p>\n\n\n\n<p>El gobernador se\u00f1al\u00f3 que \u201cresolvimos un viejo conflicto. Hace muchos a\u00f1os hubo una propuesta de <strong>industrializaci\u00f3n del gas <\/strong>y por mezquindad pol\u00edtica de algunas personas, personajes de la pol\u00edtica fueguina y argentina, el proyecto qued\u00f3 trunco\u201d.<\/p>\n\n\n\n<p>\u201cEse grupo empresario que hab\u00eda empezado con la inversi\u00f3n hizo un juicio contra la provincia, <strong>un juicio millonario <\/strong>y lo logramos resolver. La provincia no va a tener que pagar los millones y millones de d\u00f3lares que \u00edbamos a tener que pagar por ese juicio. Iniciamos un camino nuevo para reiniciar un proceso de industrializaci\u00f3n del gas tan necesario para la provincia y sobre todo para la zona norte, para <strong>R\u00edo Grande<\/strong>\u201d, agreg\u00f3.<\/p>\n\n\n\n<p>El mandatario recalc\u00f3 que \u201clos beneficios de esta iniciativa son muchos, m\u00e1s empleo, m\u00e1s recursos para la provincia, m\u00e1s empleos indirectos. Es un paso muy importante en la <strong>ampliaci\u00f3n de la matriz productiva <\/strong>que estamos transitando desde el inicio de nuestra gesti\u00f3n\u201d.<\/p>\n\n\n\n<p>Desde el Ejecutivo fueguino se indic\u00f3 que la construcci\u00f3n de la planta industrial para la producci\u00f3n de urea ser\u00e1 en dos etapas. La primera incluye el emplazamiento y montaje de dos generadores de turbinas y luego la puesta en marcha de la central termoel\u00e9ctrica, con una inversi\u00f3n aproximada de <strong>100 millones de d\u00f3lares<\/strong>. La segunda ser\u00e1 la construcci\u00f3n de la planta con una inversi\u00f3n aproximada de <strong>730 millones de d\u00f3lares<\/strong>. Se determin\u00f3 que la empresa debe emplear materias primas y mano de obra fueguinas; tambi\u00e9n deben volcar al mercado nacional lo producido a fin de que se sustituyan las importaciones y aumentar el valor agregado a las materias primas locales.<\/p>\n\n\n\n<p>La informaci\u00f3n oficial difundida por el Gobierno provincial recuerda que \u201cen 2009 se firm\u00f3 un memor\u00e1ndum para fortalecer la cooperaci\u00f3n y acelerar la ejecuci\u00f3n de proyectos qu\u00edmicos entre la provincia y el Gobierno de la Provincia de Shanxi, China&#8221;.<\/p>\n\n\n\n<p>A partir de eso se llev\u00f3 adelante una licitaci\u00f3n p\u00fablica internacional que fue debidamente adjudicada mediante resoluci\u00f3n de la entonces Secretar\u00eda de Hidrocarburos y se emiti\u00f3 por parte de la Legislatura Provincial la Ley Provincial 828. En el a\u00f1o 2010 se suscribi\u00f3 un convenio de suministro de gas de regal\u00edas para su industrializaci\u00f3n, a partir del cual TEQSA inici\u00f3 la construcci\u00f3n de una planta de fertilizantes (urea) en el predio industrial Las Violetas.<\/p>\n\n\n\n<p>En el a\u00f1o 2013 la empresa se vio obligada a suspender el proyecto y se firm\u00f3 un acta de suspensi\u00f3n del convenio. En el a\u00f1o 2016 la provincia rescindi\u00f3 unilateralmente el acuerdo, lo que llev\u00f3 a TEQSA a iniciar una demanda ante el Superior Tribunal de Justicia que a partir de este nuevo acuerdo se resuelve sin perjuicio econ\u00f3mico para la provincia\u201d.<\/p>\n\n\n\n<p><strong>Fuente: www.eldiariodelfindelmundo.com<\/strong><\/p>\n","protected":false},"excerpt":{"rendered":"<p>El gobernador Gustavo Melella alcanz\u00f3 un acuerdo con representantes de Tierra del Fuego Energ\u00eda y Qu\u00edmica Sociedad An\u00f3nima a partir del cual se resuelve el conflicto judicial que la empresa hab\u00eda iniciado contra la provincia a\u00f1os atr\u00e1s, acuerdo que no genera perjuicios econ\u00f3micos al Estado fueguino. Adem\u00e1s, gracias a esto, la compa\u00f1\u00eda retomar\u00e1 las inversiones [&hellip;]<\/p>\n","protected":false},"author":5,"featured_media":6978,"comment_status":"open","ping_status":"open","sticky":false,"template":"","format":"standard","meta":[],"categories":[11],"tags":[],"_links":{"self":[{"href":"https:\/\/politicapatagonica.com\/index.php\/wp-json\/wp\/v2\/posts\/6977"}],"collection":[{"href":"https:\/\/politicapatagonica.com\/index.php\/wp-json\/wp\/v2\/posts"}],"about":[{"href":"https:\/\/politicapatagonica.com\/index.php\/wp-json\/wp\/v2\/types\/post"}],"author":[{"embeddable":true,"href":"https:\/\/politicapatagonica.com\/index.php\/wp-json\/wp\/v2\/users\/5"}],"replies":[{"embeddable":true,"href":"https:\/\/politicapatagonica.com\/index.php\/wp-json\/wp\/v2\/comments?post=6977"}],"version-history":[{"count":2,"href":"https:\/\/politicapatagonica.com\/index.php\/wp-json\/wp\/v2\/posts\/6977\/revisions"}],"predecessor-version":[{"id":7004,"href":"https:\/\/politicapatagonica.com\/index.php\/wp-json\/wp\/v2\/posts\/6977\/revisions\/7004"}],"wp:featuredmedia":[{"embeddable":true,"href":"https:\/\/politicapatagonica.com\/index.php\/wp-json\/wp\/v2\/media\/6978"}],"wp:attachment":[{"href":"https:\/\/politicapatagonica.com\/index.php\/wp-json\/wp\/v2\/media?parent=6977"}],"wp:term":[{"taxonomy":"category","embeddable":true,"href":"https:\/\/politicapatagonica.com\/index.php\/wp-json\/wp\/v2\/categories?post=6977"},{"taxonomy":"post_tag","embeddable":true,"href":"https:\/\/politicapatagonica.com\/index.php\/wp-json\/wp\/v2\/tags?post=6977"}],"curies":[{"name":"wp","href":"https:\/\/api.w.org\/{rel}","templated":true}]}}