{"id":6970,"date":"2025-06-04T22:18:27","date_gmt":"2025-06-04T22:18:27","guid":{"rendered":"https:\/\/politicapatagonica.com\/?p=6970"},"modified":"2025-06-05T12:34:02","modified_gmt":"2025-06-05T12:34:02","slug":"arriba-neuquen-de-la-diputada-giselle-stillger-renovo-la-alianza-con-rolando-figueroa","status":"publish","type":"post","link":"https:\/\/politicapatagonica.com\/index.php\/2025\/06\/04\/arriba-neuquen-de-la-diputada-giselle-stillger-renovo-la-alianza-con-rolando-figueroa\/","title":{"rendered":"Arriba Neuqu\u00e9n, de la diputada Giselle Stillger, renov\u00f3 alianza con el gobernador Rolando Figueroa"},"content":{"rendered":"\n<p>En una decisi\u00f3n un\u00e1nime, el espacio pol\u00edtico&nbsp;<strong>Arriba Neuqu\u00e9n<\/strong>&nbsp;reafirm\u00f3 su apoyo al&nbsp;<strong>frente Neuquinizate<\/strong>&nbsp;y a la gesti\u00f3n del gobernador&nbsp;<strong>Rolando Figueroa<\/strong>, <strong>marcando una continuidad en su apuesta por una transformaci\u00f3n pol\u00edtica basada en la transparencia, la austeridad y la eficiencia de los recursos.<\/strong><\/p>\n\n\n\n<p>La Asamblea de Delegados del espacio resolvi\u00f3 mantenerse en la alianza oficialista provincial, respaldando a los candidatos que el frente liderado por el gobernador presente en las pr\u00f3ximas elecciones nacionales. Esta resoluci\u00f3n, seg\u00fan el comunicado oficial de Arriba Neuqu\u00e9n, responde al&nbsp;<strong>cumplimiento de los compromisos asumidos por Figueroa<\/strong>&nbsp;desde el inicio de su mandato en 2023.<\/p>\n\n\n\n<p>Arriba Neuqu\u00e9n fue un desprendimiento del macrismo, que supo llevar al Congreso de la Naci\u00f3n a la pastora&nbsp;<strong>Nadia M\u00e1rquez<\/strong>, ahora principal referente de&nbsp;<strong>La Libertad Avanza<\/strong>&nbsp;en la provincia y casi segura candidata del espacio de Javier Milei para las legislativas nacionales en Neuqu\u00e9n.<\/p>\n\n\n\n<p>Ya sin M\u00e1rquez, <strong>quedaron como referentes principales de Arriba Neuqu\u00e9n la diputada provincial&nbsp;Giselle Stillger&nbsp;y el titular de la Agencia de Inversiones Neuqu\u00e9n,<\/strong>&nbsp;<strong>Leandro L\u00f3pez<\/strong>.<\/p>\n\n\n\n<h2>Acuerdo con Rolando Figueroa<\/h2>\n\n\n\n<p>Arriba Neuqu\u00e9n destac\u00f3 en un comunicado que&nbsp;<strong>el apoyo al gobernador no ha sido en vano<\/strong>. Los acuerdos program\u00e1ticos establecidos en la campa\u00f1a no quedaron en palabras vac\u00edas, sino que se han materializado en acciones concretas. <strong>La transparencia en la gesti\u00f3n, el uso eficiente de los recursos p\u00fablicos y la verdadera austeridad han sido pilares fundamentales que han fortalecido la convicci\u00f3n del espacio en seguir adelante con esta alianza.<\/strong><\/p>\n\n\n\n<p>Los dirigentes remarcan que los principios promovidos en aquel entonces siguen vigentes y que <strong>Figueroa ha demostrado coherencia en su gesti\u00f3n, respetando los valores fundacionales de Neuquinizate.<\/strong> Para ellos, esto es prueba de que la apuesta original no solo fue acertada, sino que ha dado resultados positivos para la provincia.<\/p>\n\n\n\n<p><strong>Uno de los aspectos m\u00e1s destacados por los referentes de Arriba Neuqu\u00e9n es que la composici\u00f3n del frente sigue intacta. No ha habido cambios oportunistas ni maniobras electorales de \u00faltimo minuto<\/strong>. La coalici\u00f3n que impuls\u00f3 el cambio en 2023 contin\u00faa con la misma determinaci\u00f3n, convencida de que los resultados obtenidos validan la decisi\u00f3n tomada.<\/p>\n\n\n\n<p>Lejos de ser una alianza circunstancial, la continuidad del frente responde a una visi\u00f3n clara de transformaci\u00f3n para Neuqu\u00e9n. La convicci\u00f3n de sus integrantes se fortalece en cada paso dado por la gesti\u00f3n provincial, reforzando la confianza en un proyecto pol\u00edtico que prioriza el bienestar de los neuquinos por encima de cualquier inter\u00e9s individual o partidario.<\/p>\n\n\n\n<h2>Una agenda de transformaci\u00f3n en marcha<\/h2>\n\n\n\n<p>Desde Arriba Neuqu\u00e9n afirman que no solo mantienen su compromiso con la alianza, sino que seguir\u00e1n impulsando una agenda de cambios profundos que buscan transformar la pol\u00edtica en la provincia. Entre las iniciativas que contin\u00faan promoviendo se encuentran:<\/p>\n\n\n\n<ul>\n<li><strong>Ley de Ficha Limpia:<\/strong>&nbsp;Impulsada con la convicci\u00f3n de que quienes tienen antecedentes delictivos no pueden ocupar cargos p\u00fablicos.<\/li>\n\n\n\n<li><strong>Eliminaci\u00f3n de jubilaciones de privilegio:<\/strong>&nbsp;Basada en el principio de igualdad y justicia social.<\/li>\n\n\n\n<li><strong>Gesti\u00f3n austera y eficiente:&nbsp;<\/strong>Defendiendo que cada peso mal administrado es un peso menos para el futuro de Neuqu\u00e9n.<\/li>\n<\/ul>\n\n\n\n<h2>La apuesta que sigue vigente<\/h2>\n\n\n\n<p><strong>El respaldo a Neuquinizate no es solo una decisi\u00f3n pol\u00edtica, sino una reafirmaci\u00f3n de los valores que desde su origen promovi\u00f3 Arriba Neuqu\u00e9n<\/strong>. La visi\u00f3n de una provincia con una administraci\u00f3n transparente, con el desarrollo como prioridad y con una gesti\u00f3n que honre los recursos de sus ciudadanos sigue siendo el eje central de su participaci\u00f3n en la alianza.<\/p>\n\n\n\n<p><strong>Con un claro compromiso hacia el futuro, el espacio pol\u00edtico renueva su confianza en el liderazgo de Figueroa y en la capacidad de la coalici\u00f3n para continuar llevando adelante un proyecto que transforme Neuqu\u00e9n con coherencia y responsabilidad.<\/strong><\/p>\n\n\n\n<p><strong>Fuente: www.lmneuquen.com<\/strong><\/p>\n","protected":false},"excerpt":{"rendered":"<p>En una decisi\u00f3n un\u00e1nime, el espacio pol\u00edtico&nbsp;Arriba Neuqu\u00e9n&nbsp;reafirm\u00f3 su apoyo al&nbsp;frente Neuquinizate&nbsp;y a la gesti\u00f3n del gobernador&nbsp;Rolando Figueroa, marcando una continuidad en su apuesta por una transformaci\u00f3n pol\u00edtica basada en la transparencia, la austeridad y la eficiencia de los recursos. La Asamblea de Delegados del espacio resolvi\u00f3 mantenerse en la alianza oficialista provincial, respaldando a [&hellip;]<\/p>\n","protected":false},"author":5,"featured_media":6971,"comment_status":"open","ping_status":"open","sticky":false,"template":"","format":"standard","meta":[],"categories":[9],"tags":[],"_links":{"self":[{"href":"https:\/\/politicapatagonica.com\/index.php\/wp-json\/wp\/v2\/posts\/6970"}],"collection":[{"href":"https:\/\/politicapatagonica.com\/index.php\/wp-json\/wp\/v2\/posts"}],"about":[{"href":"https:\/\/politicapatagonica.com\/index.php\/wp-json\/wp\/v2\/types\/post"}],"author":[{"embeddable":true,"href":"https:\/\/politicapatagonica.com\/index.php\/wp-json\/wp\/v2\/users\/5"}],"replies":[{"embeddable":true,"href":"https:\/\/politicapatagonica.com\/index.php\/wp-json\/wp\/v2\/comments?post=6970"}],"version-history":[{"count":2,"href":"https:\/\/politicapatagonica.com\/index.php\/wp-json\/wp\/v2\/posts\/6970\/revisions"}],"predecessor-version":[{"id":6976,"href":"https:\/\/politicapatagonica.com\/index.php\/wp-json\/wp\/v2\/posts\/6970\/revisions\/6976"}],"wp:featuredmedia":[{"embeddable":true,"href":"https:\/\/politicapatagonica.com\/index.php\/wp-json\/wp\/v2\/media\/6971"}],"wp:attachment":[{"href":"https:\/\/politicapatagonica.com\/index.php\/wp-json\/wp\/v2\/media?parent=6970"}],"wp:term":[{"taxonomy":"category","embeddable":true,"href":"https:\/\/politicapatagonica.com\/index.php\/wp-json\/wp\/v2\/categories?post=6970"},{"taxonomy":"post_tag","embeddable":true,"href":"https:\/\/politicapatagonica.com\/index.php\/wp-json\/wp\/v2\/tags?post=6970"}],"curies":[{"name":"wp","href":"https:\/\/api.w.org\/{rel}","templated":true}]}}