{"id":6967,"date":"2025-06-04T22:02:34","date_gmt":"2025-06-04T22:02:34","guid":{"rendered":"https:\/\/politicapatagonica.com\/?p=6967"},"modified":"2025-06-05T12:33:06","modified_gmt":"2025-06-05T12:33:06","slug":"diputados-pampeanos-avanzan-con-la-modificacion-de-la-ley-de-terapeutas","status":"publish","type":"post","link":"https:\/\/politicapatagonica.com\/index.php\/2025\/06\/04\/diputados-pampeanos-avanzan-con-la-modificacion-de-la-ley-de-terapeutas\/","title":{"rendered":"Diputados pampeanos avanzan con la modificaci\u00f3n de la ley de terapeutas\u00a0"},"content":{"rendered":"\n<p><strong>Durante el plenario de las comisiones de Legislaci\u00f3n General y Legislaci\u00f3n Social, presididas por Liliana Robledo y Laura Trapaglia, respectivamente, diputados y diputadas trataron el proyecto de ley por el que la provincia de La Pampa adhiere a la ley nacional 27.051 y se derogan art\u00edculos de la Ley 2.079, para que los profesionales en Terapia Ocupacional pasen a estar bajo la regulaci\u00f3n de la ley nacional.<\/strong><\/p>\n\n\n\n<p>Para contribuir al debate, estuvieron presentes, este martes, <strong>las profesionales Marcela Battaglia, Lucila Cud\u00f3s, Pilar Gallego, Valentina Rodr\u00edguez, Marina Men\u00e9ndez y el profesional Horacio Krenz.<\/strong><\/p>\n\n\n\n<p>En primer lugar, la licenciada Marcela Battaglia, terapeuta ocupacional, present\u00f3 los fundamentos que <strong>sostienen la necesidad de que la provincia adhiera a la ley que regula el ejercicio profesional de la Terapia Ocupacional en todo el territorio argentino.<\/strong><\/p>\n\n\n\n<p>En su intervenci\u00f3n, <strong>Battaglia<\/strong> remarc\u00f3 que la adhesi\u00f3n implicar\u00eda &#8220;un gran avance&#8221; para el sector, al permitir la actualizaci\u00f3n de un marco legal que considera obsoleto<strong>. &#8220;La ley vino a poner el marco regulatorio apropiado para la profesi\u00f3n a nivel nacional, que ten\u00eda una legislaci\u00f3n tambi\u00e9n bastante antigua, y ha jerarquizado nuestra profesi\u00f3n y nos equipara con est\u00e1ndares mundiales&#8221;<\/strong>, se\u00f1al\u00f3. Explic\u00f3 que Argentina, a trav\u00e9s de la AATO (Asociaci\u00f3n Argentina de Terapistas Ocupacionales), forma parte de la Federaci\u00f3n Mundial de Terapistas Ocupacionales desde 1954, y que el crecimiento de la profesi\u00f3n ha sido sostenido desde su origen, en los a\u00f1os &#8217;50, durante la epidemia de poliomielitis.<\/p>\n\n\n\n<p>Battaglia puso en valor el rol de las y los profesionales de la Terapia Ocupacional y aclar\u00f3 que no se trata de una actividad complementaria ni secundaria dentro del sistema sociosanitario. <strong>&#8220;Nosotros somos una profesi\u00f3n sociosanitaria que tiene como objetivo principal facilitar la participaci\u00f3n de las personas en las ocupaciones de la vida diaria. Desde que una persona nace hasta que muere, su vida est\u00e1 atravesada por las ocupaciones. Y nosotros trabajamos justamente sobre eso&#8221;<\/strong>, explic\u00f3. Agreg\u00f3 que muchas veces se asocia la atenci\u00f3n solo a personas con discapacidad, cuando el enfoque del abordaje es m\u00e1s amplio: &#8220;Siempre estamos apuntando a los componentes del desempe\u00f1o ocupacional, adaptando actividades o entornos para que la persona pueda llegar a realizar sus roles de manera exitosa y sortear la mayor cantidad de obst\u00e1culos posibles&#8221;.<\/p>\n\n\n\n<p>Durante su exposici\u00f3n, compar\u00f3<strong> la ley nacional con la ley provincial vigente, la cual \u2013seg\u00fan indic\u00f3\u2013 incluye a la Terapia Ocupacional de forma muy acotada, con apenas un pu\u00f1ado de art\u00edculos y pocas incumbencias reconocida<\/strong>s. En contraposici\u00f3n, la ley nacional contempla un espectro mucho m\u00e1s amplio: &#8220;Incluye evaluaci\u00f3n y tratamiento de disfunciones ocupacionales, dise\u00f1o y adaptaci\u00f3n de entornos y actividades, promoci\u00f3n de la salud y prevenci\u00f3n de la discapacidad, rehabilitaci\u00f3n integral en todas las edades, asesoramiento y orientaci\u00f3n a individuos, familias y comunidades, docencia e investigaci\u00f3n&#8221;.<\/p>\n\n\n\n<p>A lo largo de su intervenci\u00f3n, Battaglia subray\u00f3 la multiplicidad de \u00e1mbitos en los que se desempe\u00f1an las y los terapeutas ocupacionales: hospitales, cl\u00ednicas, centros de salud mental, instituciones educativas comunes y especiales, espacios comunitarios, hogares, centros de d\u00eda, entornos laborales, el \u00e1mbito judicial, el ejercicio privado, entre otros. &#8220;Realmente amamos nuestra profesi\u00f3n, siempre tratamos de defenderla, y para nosotros es la m\u00e1s importante de todas&#8221;, expres\u00f3.<\/p>\n\n\n\n<p>Tambi\u00e9n se refiri\u00f3 al riesgo que implican las ofertas de formaci\u00f3n no oficial y de corta duraci\u00f3n, que pueden &#8220;inducir a errores&#8221; a quienes creen estar habilitados a ejercer sin t\u00edtulo universitario:<strong> &#8220;Hemos tenido durante muchos a\u00f1os, y seguimos luchando contra ofertas enga\u00f1osas de t\u00e9cnico o auxiliar en terapia ocupacional, cursos que duran seis meses. Esta ley es un marco regulatorio fundamental tambi\u00e9n para defendernos de estas ofertas&#8221;.<\/strong><\/p>\n\n\n\n<p>En cuanto a la matriculaci\u00f3n, record\u00f3 que la misma seguir\u00e1 dependiendo del Ministerio de Salud provincial hasta tanto se logre constituir un colegio profesional. &#8220;El Ministerio va a ser el \u00f3rgano de ejecuci\u00f3n de esta ley&#8221;, indic\u00f3, y precis\u00f3 que actualmente<strong> hay 39 profesionales en toda la provincia.<\/strong> &#8220;Para nosotros es un mont\u00f3n, pero sigue siendo muy poco. Hay mucha demanda, especialmente en pediatr\u00eda, y estamos con bastante escasez de turnos para poder responder&#8221;, concluy\u00f3 Battaglia.<\/p>\n\n\n\n<p>En la ronda de preguntas, se le consult\u00f3 a los profesionales sobre las ventajas puntuales de adherir a la ley nacional.<\/p>\n\n\n\n<p>Valentina Rodr\u00edguez se\u00f1al\u00f3 que los l\u00edmites impuestos por la ley provincial vigente conforman una norma acotada que ubica a la Terapia Ocupacional casi exclusivamente en el \u00e1mbito m\u00e9dico-rehabilitador, sin dar cuenta del enfoque &#8220;m\u00e1s amplio y comunitario&#8221; que la disciplina ha adoptado con el tiempo. &#8220;Nos pone muy en la parte m\u00e9dica, y no ve la dimensi\u00f3n m\u00e1s social y comunitaria del trabajo que realizamos&#8221;, sostuvo.<\/p>\n\n\n\n<p><strong>La terapeuta celebr\u00f3 el esp\u00edritu moderno de la nueva ley nacional<\/strong>, que permite a las y los profesionales del sector desempe\u00f1arse en \u00e1mbitos como el sistema penitenciario, el sistema educativo y otros espacios no contemplados en la normativa provincial. &#8220;Nos ampliar\u00eda el campo laboral y, sobre todo,<strong> reconoce que nuestra profesi\u00f3n tambi\u00e9n ha evolucionado, c<\/strong>omo todo ha cambiado en estos a\u00f1os&#8221;, expres\u00f3.<\/p>\n\n\n\n<p>En ese sentido, Rodr\u00edguez indic\u00f3 que ya no se trabaja bajo el modelo tradicional en el que el m\u00e9dico era quien dirig\u00eda las intervenciones: &#8220;Hoy contamos con diagn\u00f3sticos ocupacionales, evaluamos a las personas en funci\u00f3n de su desempe\u00f1o en las actividades de la vida diaria, y desde ah\u00ed intervenimos&#8221;.<\/p>\n\n\n\n<p>M\u00e1s adelante, se les consult\u00f3 a los profesionales por las diferencias que contempla su especialidad respecto de otros terapeutas.<\/p>\n\n\n\n<p>Rodr\u00edguez volvi\u00f3 a tomar la palabra y explic\u00f3 que la Terapia Ocupacional implica mirar a cada persona desde su capacidad de acci\u00f3n en el mundo, m\u00e1s all\u00e1 del diagn\u00f3stico m\u00e9dico. &#8220;Si alguien tiene una depresi\u00f3n, claro que puede haber un diagn\u00f3stico psiqui\u00e1trico, pero nuestro abordaje se centra en c\u00f3mo esa situaci\u00f3n afecta sus ocupaciones, en c\u00f3mo esa persona se viste, se relaciona, trabaja o deja de hacerlo. Evaluamos esas \u00e1reas del desempe\u00f1o y dise\u00f1amos intervenciones acordes a su realidad&#8221;, dijo.<\/p>\n\n\n\n<p><strong>Frente a las confusiones que a veces surgen con otras disciplinas del campo de la salud, como la kinesiolog\u00eda, Rodr\u00edguez aclar\u00f3: &#8220;No se trata de elegir entre una u otra. Somos profesiones distintas, con formaciones distintas y abordajes distintos, que pueden trabajar sobre un mismo objetivo desde perspectivas complementarias&#8221;.<\/strong><\/p>\n\n\n\n<p>Y ejemplific\u00f3: &#8220;En el \u00e1rea de traumatolog\u00eda, un kinesi\u00f3logo trabaja para rehabilitar una mu\u00f1eca desde la funci\u00f3n f\u00edsica, y un terapeuta ocupacional tambi\u00e9n, pero lo hace pensando en c\u00f3mo esa persona va a volver a vestirse sola, a manejar su auto, a trabajar. Los objetivos pueden coincidir, pero las estrategias y el enfoque son diferentes&#8221;, concluy\u00f3.<\/p>\n\n\n\n<p><strong>Fuente: www.eldiariodelapampa.com.ar<\/strong><\/p>\n","protected":false},"excerpt":{"rendered":"<p>Durante el plenario de las comisiones de Legislaci\u00f3n General y Legislaci\u00f3n Social, presididas por Liliana Robledo y Laura Trapaglia, respectivamente, diputados y diputadas trataron el proyecto de ley por el que la provincia de La Pampa adhiere a la ley nacional 27.051 y se derogan art\u00edculos de la Ley 2.079, para que los profesionales en [&hellip;]<\/p>\n","protected":false},"author":5,"featured_media":6968,"comment_status":"open","ping_status":"open","sticky":false,"template":"","format":"standard","meta":[],"categories":[10],"tags":[],"_links":{"self":[{"href":"https:\/\/politicapatagonica.com\/index.php\/wp-json\/wp\/v2\/posts\/6967"}],"collection":[{"href":"https:\/\/politicapatagonica.com\/index.php\/wp-json\/wp\/v2\/posts"}],"about":[{"href":"https:\/\/politicapatagonica.com\/index.php\/wp-json\/wp\/v2\/types\/post"}],"author":[{"embeddable":true,"href":"https:\/\/politicapatagonica.com\/index.php\/wp-json\/wp\/v2\/users\/5"}],"replies":[{"embeddable":true,"href":"https:\/\/politicapatagonica.com\/index.php\/wp-json\/wp\/v2\/comments?post=6967"}],"version-history":[{"count":2,"href":"https:\/\/politicapatagonica.com\/index.php\/wp-json\/wp\/v2\/posts\/6967\/revisions"}],"predecessor-version":[{"id":6974,"href":"https:\/\/politicapatagonica.com\/index.php\/wp-json\/wp\/v2\/posts\/6967\/revisions\/6974"}],"wp:featuredmedia":[{"embeddable":true,"href":"https:\/\/politicapatagonica.com\/index.php\/wp-json\/wp\/v2\/media\/6968"}],"wp:attachment":[{"href":"https:\/\/politicapatagonica.com\/index.php\/wp-json\/wp\/v2\/media?parent=6967"}],"wp:term":[{"taxonomy":"category","embeddable":true,"href":"https:\/\/politicapatagonica.com\/index.php\/wp-json\/wp\/v2\/categories?post=6967"},{"taxonomy":"post_tag","embeddable":true,"href":"https:\/\/politicapatagonica.com\/index.php\/wp-json\/wp\/v2\/tags?post=6967"}],"curies":[{"name":"wp","href":"https:\/\/api.w.org\/{rel}","templated":true}]}}