{"id":6960,"date":"2025-06-03T22:30:08","date_gmt":"2025-06-03T22:30:08","guid":{"rendered":"https:\/\/politicapatagonica.com\/?p=6960"},"modified":"2025-06-04T00:02:58","modified_gmt":"2025-06-04T00:02:58","slug":"conforman-el-frente-libertario-con-criticas-a-treffinger-y-la-libertad-avanza-de-chubut","status":"publish","type":"post","link":"https:\/\/politicapatagonica.com\/index.php\/2025\/06\/03\/conforman-el-frente-libertario-con-criticas-a-treffinger-y-la-libertad-avanza-de-chubut\/","title":{"rendered":"Conforman el &#8220;Frente Libertario&#8221; con cr\u00edticas a Treffinger y La Libertad Avanza de Chubut"},"content":{"rendered":"\n<p>El Partido Libertario, Liberar y Ahora Vos, conformaron un frente electoral que tiene como referente al presidente Javier Milei y competir\u00e1 en las legislativas del 26 de octubre. La reuni\u00f3n, que tuvo lugar este s\u00e1bado en Puerto Madryn, nucle\u00f3 a los referentes de las tres fuerzas pol\u00edticas de signo libertario enfrentadas con C\u00e9sar Treffinger.<br>El dirigente de &#8220;Ahora Vos&#8221;, Diego Brandan, quien es subsecretario de Pesca de la provincia, cuestion\u00f3 el rol de Treffinger en la C\u00e1mara de Diputados y le cerr\u00f3 la puerta a cualquier acuerdo con La Libertad Avanza en Chubut. &#8220;Los que llevamos la cara de Milei a toda la provincia somos nosotros&#8221;, determin\u00f3.<br>En di\u00e1logo con FM EL CHUBUT, Brand\u00e1n dijo que \u00e9l est\u00e1 dispuesto a ser candidato a diputado nacional si se lo piden. Dijo que llevar\u00eda al Congreso la discusi\u00f3n sobre los puestos de trabajo en el petr\u00f3leo en Comodoro Rivadavia y la pesca en Puerto Madryn, algo que Treffinger &#8220;no ha hecho&#8221;, remarc\u00f3.<br>En tanto, el dirigente de &#8220;Ahora Vos&#8221; dijo que tienen buena sinton\u00eda con el gobierno de Ignacio Torres, y esto se ve reflejado en que Laura Mirantes y Guillermo Espada -adem\u00e1s de \u00e9l- integran el gabinete.<\/p>\n\n\n\n<p>LA PELEA CON TREFFINGER<br>Brand\u00e1n fue el precursor de los libertarios en Chubut cuando el presidente Javier Milei comenz\u00f3 la campa\u00f1a que en el 2023 lo llevar\u00eda a la presidencia de la Naci\u00f3n. Luego de esto se desat\u00f3 una puja interna entre el mismo Brandan y Treffinger por el sello de La Libertad Avanza.&nbsp;<br>El diputado nacional, con el respaldo de Karina Milei y Mart\u00edn Menem, cambi\u00f3 la denominaci\u00f3n de Ciudadanos por Chubut por La Libertad Avanza y le gan\u00f3 la pulseada a su adversario interno. Mientras tanto, Brandan conform\u00f3 su propia fuerza electoral de signo libertario, pero con otra denominaci\u00f3n.<\/p>\n\n\n\n<p>No obstante, el dirigente de &#8220;Ahora Vos&#8221;, a juzgar por el desempe\u00f1o de Treffinger, desconoci\u00f3 que La Libertad Avanza de Chubut represente de manera &#8220;genuina&#8221; las ideas de Milei. &#8220;Los libertarios de cuna somos estos tres espacios: esa es la representaci\u00f3n real. Chubut ya sabe qui\u00e9n es qui\u00e9n, de d\u00f3nde viene cada uno, y eso va a tener m\u00e1s valor por sobre todas las cosas. El ciudadano no es ingenuo y sabe bien por donde viene el cambio y la representaci\u00f3n real&#8221;, asegur\u00f3.<br>En esa l\u00ednea, Brandan desconoci\u00f3 a C\u00e9sar Treffinger como &#8220;leg\u00edtimo&#8221; referente del proyecto de Javier Milei y La Libertad Avanza a nivel nacional. &#8220;La representaci\u00f3n de La Libertad Avanza en la provincia no la tenemos. El otro espacio es Ciudadanos por Chubut, que solamente cambi\u00f3 el nombre.No presentaron fichas de afiliados, Ricardo Bustos no se puede afiliar al partido&#8221;, sentenci\u00f3.<br>El libertario dijo que hoy estar\u00e1 viajando a Buenos Aires para reunirse con referentes del partido de Javier Milei a nivel nacional, pensando en el escenario electoral que viene en octubre. En las pr\u00f3ximas semanas abrir\u00e1n locales en Rawson, Comodoro Rivadavia, la cordillera y Trelew.<\/p>\n\n\n\n<p><strong>Fuente: www.elchubut.com.ar<\/strong><\/p>\n","protected":false},"excerpt":{"rendered":"<p>El Partido Libertario, Liberar y Ahora Vos, conformaron un frente electoral que tiene como referente al presidente Javier Milei y competir\u00e1 en las legislativas del 26 de octubre. La reuni\u00f3n, que tuvo lugar este s\u00e1bado en Puerto Madryn, nucle\u00f3 a los referentes de las tres fuerzas pol\u00edticas de signo libertario enfrentadas con C\u00e9sar Treffinger.El dirigente [&hellip;]<\/p>\n","protected":false},"author":5,"featured_media":6961,"comment_status":"open","ping_status":"open","sticky":false,"template":"","format":"standard","meta":[],"categories":[14],"tags":[],"_links":{"self":[{"href":"https:\/\/politicapatagonica.com\/index.php\/wp-json\/wp\/v2\/posts\/6960"}],"collection":[{"href":"https:\/\/politicapatagonica.com\/index.php\/wp-json\/wp\/v2\/posts"}],"about":[{"href":"https:\/\/politicapatagonica.com\/index.php\/wp-json\/wp\/v2\/types\/post"}],"author":[{"embeddable":true,"href":"https:\/\/politicapatagonica.com\/index.php\/wp-json\/wp\/v2\/users\/5"}],"replies":[{"embeddable":true,"href":"https:\/\/politicapatagonica.com\/index.php\/wp-json\/wp\/v2\/comments?post=6960"}],"version-history":[{"count":2,"href":"https:\/\/politicapatagonica.com\/index.php\/wp-json\/wp\/v2\/posts\/6960\/revisions"}],"predecessor-version":[{"id":6966,"href":"https:\/\/politicapatagonica.com\/index.php\/wp-json\/wp\/v2\/posts\/6960\/revisions\/6966"}],"wp:featuredmedia":[{"embeddable":true,"href":"https:\/\/politicapatagonica.com\/index.php\/wp-json\/wp\/v2\/media\/6961"}],"wp:attachment":[{"href":"https:\/\/politicapatagonica.com\/index.php\/wp-json\/wp\/v2\/media?parent=6960"}],"wp:term":[{"taxonomy":"category","embeddable":true,"href":"https:\/\/politicapatagonica.com\/index.php\/wp-json\/wp\/v2\/categories?post=6960"},{"taxonomy":"post_tag","embeddable":true,"href":"https:\/\/politicapatagonica.com\/index.php\/wp-json\/wp\/v2\/tags?post=6960"}],"curies":[{"name":"wp","href":"https:\/\/api.w.org\/{rel}","templated":true}]}}