{"id":6935,"date":"2025-05-30T23:26:28","date_gmt":"2025-05-30T23:26:28","guid":{"rendered":"https:\/\/politicapatagonica.com\/?p=6935"},"modified":"2025-05-30T23:26:29","modified_gmt":"2025-05-30T23:26:29","slug":"ziliotto-se-reunio-con-autoridades-de-federacion-agraria-y-pidio-dialogo-y-consenso","status":"publish","type":"post","link":"https:\/\/politicapatagonica.com\/index.php\/2025\/05\/30\/ziliotto-se-reunio-con-autoridades-de-federacion-agraria-y-pidio-dialogo-y-consenso\/","title":{"rendered":"Ziliotto se reuni\u00f3 con autoridades de Federaci\u00f3n Agraria y pidi\u00f3 &#8220;di\u00e1logo y consenso&#8221;"},"content":{"rendered":"\n<p><strong>La \u00fanica declaraci\u00f3n oficial del encuentro vino de parte de una publicaci\u00f3n en redes sociales del propio Gobernador.\u00a0<\/strong><\/p>\n\n\n\n<p>Ziliotto escribi\u00f3 en su cuenta de X un posteo al que titul\u00f3 &#8220;dialogo y consenso&#8221; y ampli\u00f3: <strong>&#8220;Me reun\u00ed con dirigentes de la Federaci\u00f3n Agraria Argentina, su presidenta Andrea Sarnari y el pampeano Ulises Forte, para abordar la realidad del sector agropecuario, escuchar sus planteos y analizar juntos los desaf\u00edos que atraviesan nuestros peque\u00f1os y medianos productores<\/strong>. Reafirmamos el compromiso de seguir construyendo pol\u00edticas p\u00fablicas que acompa\u00f1en y fortalezcan a quienes producen y generan valor en cada rinc\u00f3n de La Pampa<strong>. Trabajar junto a nuestras fuerzas productivas es ejercer el federalismo que defendemos todos los d\u00edas<\/strong>&#8220;.<\/p>\n\n\n\n<figure class=\"wp-block-image\"><img decoding=\"async\" src=\"https:\/\/www.eldiariodelapampa.com.ar\/\/img\/publicaciones\/2025\/05\/30\/alta\/742557-t.jpg\" alt=\"\"\/><\/figure>\n\n\n\n<p><strong>Fuente: www.eldiariodelapampa.com.ar<\/strong><\/p>\n","protected":false},"excerpt":{"rendered":"<p>La \u00fanica declaraci\u00f3n oficial del encuentro vino de parte de una publicaci\u00f3n en redes sociales del propio Gobernador.\u00a0 Ziliotto escribi\u00f3 en su cuenta de X un posteo al que titul\u00f3 &#8220;dialogo y consenso&#8221; y ampli\u00f3: &#8220;Me reun\u00ed con dirigentes de la Federaci\u00f3n Agraria Argentina, su presidenta Andrea Sarnari y el pampeano Ulises Forte, para abordar [&hellip;]<\/p>\n","protected":false},"author":5,"featured_media":6936,"comment_status":"open","ping_status":"open","sticky":false,"template":"","format":"standard","meta":[],"categories":[10],"tags":[],"_links":{"self":[{"href":"https:\/\/politicapatagonica.com\/index.php\/wp-json\/wp\/v2\/posts\/6935"}],"collection":[{"href":"https:\/\/politicapatagonica.com\/index.php\/wp-json\/wp\/v2\/posts"}],"about":[{"href":"https:\/\/politicapatagonica.com\/index.php\/wp-json\/wp\/v2\/types\/post"}],"author":[{"embeddable":true,"href":"https:\/\/politicapatagonica.com\/index.php\/wp-json\/wp\/v2\/users\/5"}],"replies":[{"embeddable":true,"href":"https:\/\/politicapatagonica.com\/index.php\/wp-json\/wp\/v2\/comments?post=6935"}],"version-history":[{"count":1,"href":"https:\/\/politicapatagonica.com\/index.php\/wp-json\/wp\/v2\/posts\/6935\/revisions"}],"predecessor-version":[{"id":6937,"href":"https:\/\/politicapatagonica.com\/index.php\/wp-json\/wp\/v2\/posts\/6935\/revisions\/6937"}],"wp:featuredmedia":[{"embeddable":true,"href":"https:\/\/politicapatagonica.com\/index.php\/wp-json\/wp\/v2\/media\/6936"}],"wp:attachment":[{"href":"https:\/\/politicapatagonica.com\/index.php\/wp-json\/wp\/v2\/media?parent=6935"}],"wp:term":[{"taxonomy":"category","embeddable":true,"href":"https:\/\/politicapatagonica.com\/index.php\/wp-json\/wp\/v2\/categories?post=6935"},{"taxonomy":"post_tag","embeddable":true,"href":"https:\/\/politicapatagonica.com\/index.php\/wp-json\/wp\/v2\/tags?post=6935"}],"curies":[{"name":"wp","href":"https:\/\/api.w.org\/{rel}","templated":true}]}}