{"id":6932,"date":"2025-05-30T23:21:57","date_gmt":"2025-05-30T23:21:57","guid":{"rendered":"https:\/\/politicapatagonica.com\/?p=6932"},"modified":"2025-06-03T12:00:06","modified_gmt":"2025-06-03T12:00:06","slug":"emergencia-pesquera-buscan-prorrogarla-en-rio-negro","status":"publish","type":"post","link":"https:\/\/politicapatagonica.com\/index.php\/2025\/05\/30\/emergencia-pesquera-buscan-prorrogarla-en-rio-negro\/","title":{"rendered":"Emergencia pesquera: buscan prorrogarla en R\u00edo Negro"},"content":{"rendered":"\n<p>La legisladora <strong>Ayel\u00e9n Sp\u00f3sito,<\/strong> del bloque Vamos con Todos, present\u00f3 un proyecto de ley que propone prorrogar por un a\u00f1o el estado de Emergencia Pesquera en el Golfo San Mat\u00edas,<strong> con el objetivo de sostener las medidas de protecci\u00f3n ambiental ya vigentes y sumar herramientas concretas para preservar el empleo en las comunidades costeras de R\u00edo Negro.<\/strong><\/p>\n\n\n\n<p><strong>La iniciativa le otorga rango legal al decreto 551\/2024 del Poder Ejecutivo, que ya extend\u00eda la emergencia dispuesta originalmente en 2023, y suma nuevas disposiciones orientadas a frenar la p\u00e9rdida de puestos de trabajo en el sector pesquero<\/strong>. \u201cTenemos que cuidar el recurso marino, pero tambi\u00e9n a las familias que viven de la pesca. No puede haber sostenibilidad sin justicia social\u201d, expres\u00f3 Sp\u00f3sito.<\/p>\n\n\n\n<p><strong>El proyecto prev\u00e9, entre otras medidas, la suspensi\u00f3n de los despidos sin justa causa mientras dure la emergencia. <\/strong>En caso de incumplimiento, las empresas ser\u00e1n sancionadas con una reducci\u00f3n de sus cuotas de captura. Tambi\u00e9n se establece que, para obtener o renovar permisos de pesca, las firmas deber\u00e1n contar con al menos un 80% de trabajadores con residencia comprobada en la provincia y presentar un seguro de cauci\u00f3n que garantice sus obligaciones contractuales y legales.<\/p>\n\n\n\n<p>Adem\u00e1s,<strong> la iniciativa dispone que la Comisi\u00f3n de Pesca y Desarrollo de la Zona Atl\u00e1ntica de la Legislatura sesione cada treinta d\u00edas para realizar un seguimiento de las acciones implementadas y, al finalizar el per\u00edodo de emergencia, elabore un informe integral que eval\u00fae su impacto social, econ\u00f3mico y ambiental.<\/strong><\/p>\n\n\n\n<p>Seg\u00fan explic\u00f3 la legisladora, si bien los \u00faltimos informes cient\u00edficos indican una leve recuperaci\u00f3n de la biomasa de merluza com\u00fan, los niveles a\u00fan est\u00e1n muy por debajo de los hist\u00f3ricos. En paralelo,<strong> el impacto sobre el empleo ha sido profundo: plantas procesadoras funcionando de manera intermitente o directamente paralizadas, como el caso emblem\u00e1tico del cierre de R\u00edo Salado en San Antonio Oeste, que dej\u00f3 a casi un centenar de trabajadores en la calle.<\/strong><\/p>\n\n\n\n<p>\u201cEs urgente actuar con una mirada integral. <strong>No alcanza con vedas y limitaciones a la pesca si no hay una pol\u00edtica que preserve los puestos de trabajo y garantice el desarrollo sostenible de nuestras comunidades. Este proyecto va en ese camino\u201d,<\/strong> concluy\u00f3 Sp\u00f3sito.<\/p>\n\n\n\n<p><strong>Fuente: www.adnrionegro.com.ar<\/strong><\/p>\n","protected":false},"excerpt":{"rendered":"<p>La legisladora Ayel\u00e9n Sp\u00f3sito, del bloque Vamos con Todos, present\u00f3 un proyecto de ley que propone prorrogar por un a\u00f1o el estado de Emergencia Pesquera en el Golfo San Mat\u00edas, con el objetivo de sostener las medidas de protecci\u00f3n ambiental ya vigentes y sumar herramientas concretas para preservar el empleo en las comunidades costeras de [&hellip;]<\/p>\n","protected":false},"author":5,"featured_media":6933,"comment_status":"open","ping_status":"open","sticky":false,"template":"","format":"standard","meta":[],"categories":[13],"tags":[],"_links":{"self":[{"href":"https:\/\/politicapatagonica.com\/index.php\/wp-json\/wp\/v2\/posts\/6932"}],"collection":[{"href":"https:\/\/politicapatagonica.com\/index.php\/wp-json\/wp\/v2\/posts"}],"about":[{"href":"https:\/\/politicapatagonica.com\/index.php\/wp-json\/wp\/v2\/types\/post"}],"author":[{"embeddable":true,"href":"https:\/\/politicapatagonica.com\/index.php\/wp-json\/wp\/v2\/users\/5"}],"replies":[{"embeddable":true,"href":"https:\/\/politicapatagonica.com\/index.php\/wp-json\/wp\/v2\/comments?post=6932"}],"version-history":[{"count":2,"href":"https:\/\/politicapatagonica.com\/index.php\/wp-json\/wp\/v2\/posts\/6932\/revisions"}],"predecessor-version":[{"id":6949,"href":"https:\/\/politicapatagonica.com\/index.php\/wp-json\/wp\/v2\/posts\/6932\/revisions\/6949"}],"wp:featuredmedia":[{"embeddable":true,"href":"https:\/\/politicapatagonica.com\/index.php\/wp-json\/wp\/v2\/media\/6933"}],"wp:attachment":[{"href":"https:\/\/politicapatagonica.com\/index.php\/wp-json\/wp\/v2\/media?parent=6932"}],"wp:term":[{"taxonomy":"category","embeddable":true,"href":"https:\/\/politicapatagonica.com\/index.php\/wp-json\/wp\/v2\/categories?post=6932"},{"taxonomy":"post_tag","embeddable":true,"href":"https:\/\/politicapatagonica.com\/index.php\/wp-json\/wp\/v2\/tags?post=6932"}],"curies":[{"name":"wp","href":"https:\/\/api.w.org\/{rel}","templated":true}]}}