{"id":6925,"date":"2025-05-29T22:53:24","date_gmt":"2025-05-29T22:53:24","guid":{"rendered":"https:\/\/politicapatagonica.com\/?p=6925"},"modified":"2025-06-03T11:56:40","modified_gmt":"2025-06-03T11:56:40","slug":"reforma-migratoria-el-ministerio-de-salud-de-neuquen-aclaro-que-no-cambiara-la-atencion-a-extranjeros","status":"publish","type":"post","link":"https:\/\/politicapatagonica.com\/index.php\/2025\/05\/29\/reforma-migratoria-el-ministerio-de-salud-de-neuquen-aclaro-que-no-cambiara-la-atencion-a-extranjeros\/","title":{"rendered":"Reforma migratoria: en Neuqu\u00e9n aclararon que no cambiar\u00e1 la atenci\u00f3n sanitaria a extranjeros"},"content":{"rendered":"\n<p>La reforma migratoria, que puso en vigencia el gobierno nacional por decreto, establece nuevos criterios para que las personas extranjeras accedan a la salud.<strong> En Neuqu\u00e9n, el ministerio no modificar\u00e1 las condiciones de atenci\u00f3n.<\/strong><\/p>\n\n\n\n<p>En 2024 el n\u00famero de personas extranjeras que se atendieron en el sistema de salud de la provincia (residentes o no) fue de&nbsp;<strong>3.269, que representan el 0,4%<\/strong>. Eso implic\u00f3 17.785 prestaciones.<\/p>\n\n\n\n<p>Desde el ministerio se aclar\u00f3 que no habr\u00e1 ning\u00fan cambio a partir de este decreto.&nbsp;<strong>&#8220;El lugar de nacimiento no es un indicador de acceso a la salud<\/strong>&#8220;, remarcaron fuentes oficiales.<\/p>\n\n\n\n<p><strong>Mencionaron que est\u00e1 vigente un convenio de reciprocidad, en materia de salud, con Chile, desde 1999.<\/strong><\/p>\n\n\n\n<p><strong>El decreto&nbsp;366\/2025&nbsp;establece que en caso de emergencia &#8220;no podr\u00e1 neg\u00e1rsele ni restring\u00edrsele el acceso a la asistencia social o a la atenci\u00f3n sanitaria&#8221;,<\/strong> mientras que los <strong>&#8220;extranjeros residentes permanentes podr\u00e1n acceder al sistema de salud p\u00fablico en igualdad de condiciones que los ciudadanos argentinos&#8221;.<\/strong><\/p>\n\n\n\n<p><strong>Fuente: politicapatagonica.com<\/strong><\/p>\n","protected":false},"excerpt":{"rendered":"<p>La reforma migratoria, que puso en vigencia el gobierno nacional por decreto, establece nuevos criterios para que las personas extranjeras accedan a la salud. En Neuqu\u00e9n, el ministerio no modificar\u00e1 las condiciones de atenci\u00f3n. En 2024 el n\u00famero de personas extranjeras que se atendieron en el sistema de salud de la provincia (residentes o no) [&hellip;]<\/p>\n","protected":false},"author":5,"featured_media":6926,"comment_status":"open","ping_status":"open","sticky":false,"template":"","format":"standard","meta":[],"categories":[9],"tags":[],"_links":{"self":[{"href":"https:\/\/politicapatagonica.com\/index.php\/wp-json\/wp\/v2\/posts\/6925"}],"collection":[{"href":"https:\/\/politicapatagonica.com\/index.php\/wp-json\/wp\/v2\/posts"}],"about":[{"href":"https:\/\/politicapatagonica.com\/index.php\/wp-json\/wp\/v2\/types\/post"}],"author":[{"embeddable":true,"href":"https:\/\/politicapatagonica.com\/index.php\/wp-json\/wp\/v2\/users\/5"}],"replies":[{"embeddable":true,"href":"https:\/\/politicapatagonica.com\/index.php\/wp-json\/wp\/v2\/comments?post=6925"}],"version-history":[{"count":2,"href":"https:\/\/politicapatagonica.com\/index.php\/wp-json\/wp\/v2\/posts\/6925\/revisions"}],"predecessor-version":[{"id":6948,"href":"https:\/\/politicapatagonica.com\/index.php\/wp-json\/wp\/v2\/posts\/6925\/revisions\/6948"}],"wp:featuredmedia":[{"embeddable":true,"href":"https:\/\/politicapatagonica.com\/index.php\/wp-json\/wp\/v2\/media\/6926"}],"wp:attachment":[{"href":"https:\/\/politicapatagonica.com\/index.php\/wp-json\/wp\/v2\/media?parent=6925"}],"wp:term":[{"taxonomy":"category","embeddable":true,"href":"https:\/\/politicapatagonica.com\/index.php\/wp-json\/wp\/v2\/categories?post=6925"},{"taxonomy":"post_tag","embeddable":true,"href":"https:\/\/politicapatagonica.com\/index.php\/wp-json\/wp\/v2\/tags?post=6925"}],"curies":[{"name":"wp","href":"https:\/\/api.w.org\/{rel}","templated":true}]}}