{"id":6916,"date":"2025-05-29T22:08:52","date_gmt":"2025-05-29T22:08:52","guid":{"rendered":"https:\/\/politicapatagonica.com\/?p=6916"},"modified":"2025-05-29T22:19:37","modified_gmt":"2025-05-29T22:19:37","slug":"torres-reclamo-que-la-nacion-modifique-una-matriz-fiscal-profundamente-centralista","status":"publish","type":"post","link":"https:\/\/politicapatagonica.com\/index.php\/2025\/05\/29\/torres-reclamo-que-la-nacion-modifique-una-matriz-fiscal-profundamente-centralista\/","title":{"rendered":"Torres reclam\u00f3 que la Naci\u00f3n modifique &#8220;una matriz fiscal profundamente centralista&#8221;"},"content":{"rendered":"\n<p><strong>El gobernador de Chubut, Ignacio Torres, calific\u00f3 de positivo el encuentro convocado el martes por el Gobierno nacional para avanzar con las provincias en una reforma que permita utilizar d\u00f3lares no declarados en el mercado interno<\/strong>, pero reclam\u00f3 modificar una matriz fiscal &#8220;regresiva, distorsiva, y profundamente centralista&#8221;.<\/p>\n\n\n\n<p><strong>&#8220;No hay que plantear falsas grietas cuando la matriz fiscal sigue siendo regresiva, distorsiva, pero sobre todo profundamente centralista. Trabajando juntos, el mensaje para el sector privado es que inviertan m\u00e1s y exporten m\u00e1s&#8221;, asever\u00f3.<\/strong><\/p>\n\n\n\n<p>Torres se refiri\u00f3 de ese modo a la reuni\u00f3n por videoconferencia que mantuvieron el martes con el jefe de Gabinete, Guillermo Francos, y el ministro de Econom\u00eda, Luis Caputo, con 17 gobernadores para explicarles el plan para fomentar el uso de los d\u00f3lares que est\u00e1n fuera del sistema, con el objeto de que las provincias adhieran a esa medida.<\/p>\n\n\n\n<p><strong>&#8220;El balance t\u00e9cnicamente es positivo, todo lo que haga a la simplificaci\u00f3n tributaria y tenga por objeto formalizar la econom\u00eda es positivo para el pa\u00eds, y quedamos con un compromiso de seguir avanzando en estos puntos&#8221;<\/strong>, afirm\u00f3 Torres en declaraciones a Radio Rivadavia.<\/p>\n\n\n\n<p><strong>El mandatario patag\u00f3nico expres\u00f3 que &#8220;con los gobernadores la discusi\u00f3n que se viene tiene que ver con el mal gasto p\u00fablico o con un mont\u00f3n de impuestos que tienen asignaciones espec\u00edficas como el de los combustibles, que debe ir para el mantenimiento de rutas nacionales, pero hoy no se est\u00e1 ejecutando&#8221;.<\/strong><\/p>\n\n\n\n<p>&#8220;Cualquier gobernador que quiera intervenir en una ruta nacional no lo puede hacer, es malversaci\u00f3n de fondos, porque es jurisdicci\u00f3n nacional, pero si la premisa es que el Gobierno nacional solo se encarga de la macroeconom\u00eda, las relaciones exteriores y la seguridad interior, entonces hay que eliminar esos impuestos&#8221;, explic\u00f3.<\/p>\n\n\n\n<p>Critic\u00f3, adem\u00e1s el nivel de informalidad que tenemos en la Argentina, que est\u00e1 relacionado con la presi\u00f3n fiscal excesiva que fomenta la evasi\u00f3n, y con la falta de confianza en el \u00f3rgano encargado de recaudar. Todo ese esfuerzo de los contribuyentes tiene que verse reflejado en cuestiones concretas.<\/p>\n\n\n\n<p>Calific\u00f3 como un error la posibilidad de que el Gobierno nacional no d\u00e9 informaci\u00f3n fiscal a las provincias que no se adhieran al plan para aceptar d\u00f3lares, <strong>porque &#8220;no se trata de apretar o cambiar figuritas, sino de llegar a un r\u00e9gimen que les resuelva la vida a los argentinos&#8221;.<\/strong><\/p>\n\n\n\n<p><strong>Torres indic\u00f3 que el gobierno nacional les plante\u00f3 a los gobernadores que hagan patria bajando impuestos,<\/strong> y destac\u00f3 que el planteo de Chubut es hagamos Patria juntos, porque somos la cuarta provincia exportadora, aportamos much\u00edsimos de esos d\u00f3lares que se vienen dilapidando en los \u00faltimos gobiernos nacionales, y <strong>de cada 100 d\u00f3lares que exportamos solo recibimos 40.<\/strong><\/p>\n\n\n\n<p><strong>Fuente: www.elchubut.com.ar<\/strong><\/p>\n","protected":false},"excerpt":{"rendered":"<p>El gobernador de Chubut, Ignacio Torres, calific\u00f3 de positivo el encuentro convocado el martes por el Gobierno nacional para avanzar con las provincias en una reforma que permita utilizar d\u00f3lares no declarados en el mercado interno, pero reclam\u00f3 modificar una matriz fiscal &#8220;regresiva, distorsiva, y profundamente centralista&#8221;. &#8220;No hay que plantear falsas grietas cuando la [&hellip;]<\/p>\n","protected":false},"author":5,"featured_media":6917,"comment_status":"open","ping_status":"open","sticky":false,"template":"","format":"standard","meta":[],"categories":[14],"tags":[],"_links":{"self":[{"href":"https:\/\/politicapatagonica.com\/index.php\/wp-json\/wp\/v2\/posts\/6916"}],"collection":[{"href":"https:\/\/politicapatagonica.com\/index.php\/wp-json\/wp\/v2\/posts"}],"about":[{"href":"https:\/\/politicapatagonica.com\/index.php\/wp-json\/wp\/v2\/types\/post"}],"author":[{"embeddable":true,"href":"https:\/\/politicapatagonica.com\/index.php\/wp-json\/wp\/v2\/users\/5"}],"replies":[{"embeddable":true,"href":"https:\/\/politicapatagonica.com\/index.php\/wp-json\/wp\/v2\/comments?post=6916"}],"version-history":[{"count":2,"href":"https:\/\/politicapatagonica.com\/index.php\/wp-json\/wp\/v2\/posts\/6916\/revisions"}],"predecessor-version":[{"id":6923,"href":"https:\/\/politicapatagonica.com\/index.php\/wp-json\/wp\/v2\/posts\/6916\/revisions\/6923"}],"wp:featuredmedia":[{"embeddable":true,"href":"https:\/\/politicapatagonica.com\/index.php\/wp-json\/wp\/v2\/media\/6917"}],"wp:attachment":[{"href":"https:\/\/politicapatagonica.com\/index.php\/wp-json\/wp\/v2\/media?parent=6916"}],"wp:term":[{"taxonomy":"category","embeddable":true,"href":"https:\/\/politicapatagonica.com\/index.php\/wp-json\/wp\/v2\/categories?post=6916"},{"taxonomy":"post_tag","embeddable":true,"href":"https:\/\/politicapatagonica.com\/index.php\/wp-json\/wp\/v2\/tags?post=6916"}],"curies":[{"name":"wp","href":"https:\/\/api.w.org\/{rel}","templated":true}]}}