{"id":6912,"date":"2025-05-29T20:48:12","date_gmt":"2025-05-29T20:48:12","guid":{"rendered":"https:\/\/politicapatagonica.com\/?p=6912"},"modified":"2025-05-29T20:48:13","modified_gmt":"2025-05-29T20:48:13","slug":"la-situacion-de-rio-grande-es-muy-dramatica","status":"publish","type":"post","link":"https:\/\/politicapatagonica.com\/index.php\/2025\/05\/29\/la-situacion-de-rio-grande-es-muy-dramatica\/","title":{"rendered":"\u201cLa situaci\u00f3n de R\u00edo Grande es muy dram\u00e1tica\u201d"},"content":{"rendered":"\n<p><br>El Contador y Vocal de la C\u00e1mara de Comercio de R\u00edo Grande, Gabriel Clementino, realiz\u00f3 declaraciones medi\u00e1ticas luego del encuentro que referentes del sector comercial riograndense tuvieron con el Intendente Mart\u00edn P\u00e9rez para dialogar sobre el impacto de la quita de aranceles a los productos electr\u00f3nicos importados, medida adoptada unilateralmente por el Gobierno Nacional que impacta fuertemente en la industria.<\/p>\n\n\n\n<p>All\u00ed se habl\u00f3 de la preocupaci\u00f3n que tienen todo el sector comercial y distintos empresarios sobre el tema&nbsp; y sobre el rol del reclamo y de gesti\u00f3n que hay que adoptar para buscar alternativas.<\/p>\n\n\n\n<p>Clementino remarc\u00f3 la importancia de \u201cbuscar mecanismos de participaci\u00f3n\u201d para encontrar una salida. Asimismo, admiti\u00f3 que \u201cla situaci\u00f3n comercial es dif\u00edcil\u201d y record\u00f3 que \u201cya ven\u00eda cayendo el consumo en los \u00faltimos dos a\u00f1os\u201d. En este sentido, puso \u00e9nfasis en la \u201cmuy fuerte ca\u00edda del poder adquisitivo\u201d.<\/p>\n\n\n\n<p>En lo que respecta al sector industrial de la ciudad, mencion\u00f3 que&nbsp; la gente en las f\u00e1bricas no cobra lo que cobraba. \u201cAntes la f\u00e1brica cobraba dos veces y medio lo que era el empleado de comercio. Los que est\u00e1n estables hoy est\u00e1n un poquito m\u00e1s arriba del empleado de comercio y despu\u00e9s los contratos son de 800 mil pesos por 30 d\u00edas, en forma temporaria. Es imposible que en Tierra del Fuego alguien pueda sobrevivir con esos salarios\u201d, detall\u00f3. \u201cA esto se le suma un d\u00f3lar super barato que genera inequidad con respecto a nuestros vecinos en algunos rubros como bienes durables, tecnolog\u00eda, ropa y algunos otros insumos familiares, que genera estas caravanas semanales a Punta Arenas y esto hace caer toda la actividad\u201d, a\u00f1adi\u00f3.<\/p>\n\n\n\n<p>El Contador reconoci\u00f3 que \u201choy la situaci\u00f3n de R\u00edo Grande es muy dram\u00e1tica\u201d y consider\u00f3 que \u201clas alternativas que tiene la zona norte de la provincia para salir de este problema no son como las de Ushuaia\u201d. Destac\u00f3 que la capital fueguina tiene posibilidades de mercados de alta gama como el turismo y que en este marco, en verano bajan 20 mil personas semanales de los cruceros para andar por las calles.<\/p>\n\n\n\n<p>\u201cEl problema no es que los celulares sean caros en el mercado sino que hay un achicamiento del mercado de consumo a nivel pa\u00eds y en ese achicamiento del mercado los actores de oferta ejercen presi\u00f3n. No es que le quieren llevar una ventaja o un ahorro al consumidor, ac\u00e1 lo que se est\u00e1 buscando es importar, los importadores van a tener todo el mercado para importar y los d\u00f3lares que van a salir del pa\u00eds van a ser mucho m\u00e1s que los insumos de los elementos que se utilizan ac\u00e1 para la fabricaci\u00f3n\u201d, analiz\u00f3.<\/p>\n\n\n\n<p>Por \u00faltimo, advirti\u00f3 que \u201cse est\u00e1 tratando de sacar a Tierra del Fuego como actor de oferta de bienes tecnol\u00f3gicos\u201d. Al mismo tiempo, sostuvo que \u201clejos est\u00e1 de que se bajen los precios\u201d y en este aspecto record\u00f3 que\u00a0 lo mismo pas\u00f3 con las notebooks. \u201cCuando nos sacaron del mercado los precios no bajaron. Las trajeron de afuera y los que hicieron negocio fueron los importadores\u201d, concluy\u00f3.<\/p>\n\n\n\n<p><strong>Fuente: www.eldiariodelfindelmundo.com<\/strong><a href=\"https:\/\/www.eldiariodelfindelmundo.com\/noticias\/2025\/05\/29\/111159-la-situacion-de-rio-grande-es-muy-dramatica#\"><\/a><\/p>\n","protected":false},"excerpt":{"rendered":"<p>El Contador y Vocal de la C\u00e1mara de Comercio de R\u00edo Grande, Gabriel Clementino, realiz\u00f3 declaraciones medi\u00e1ticas luego del encuentro que referentes del sector comercial riograndense tuvieron con el Intendente Mart\u00edn P\u00e9rez para dialogar sobre el impacto de la quita de aranceles a los productos electr\u00f3nicos importados, medida adoptada unilateralmente por el Gobierno Nacional que [&hellip;]<\/p>\n","protected":false},"author":5,"featured_media":6913,"comment_status":"open","ping_status":"open","sticky":false,"template":"","format":"standard","meta":[],"categories":[11],"tags":[],"_links":{"self":[{"href":"https:\/\/politicapatagonica.com\/index.php\/wp-json\/wp\/v2\/posts\/6912"}],"collection":[{"href":"https:\/\/politicapatagonica.com\/index.php\/wp-json\/wp\/v2\/posts"}],"about":[{"href":"https:\/\/politicapatagonica.com\/index.php\/wp-json\/wp\/v2\/types\/post"}],"author":[{"embeddable":true,"href":"https:\/\/politicapatagonica.com\/index.php\/wp-json\/wp\/v2\/users\/5"}],"replies":[{"embeddable":true,"href":"https:\/\/politicapatagonica.com\/index.php\/wp-json\/wp\/v2\/comments?post=6912"}],"version-history":[{"count":1,"href":"https:\/\/politicapatagonica.com\/index.php\/wp-json\/wp\/v2\/posts\/6912\/revisions"}],"predecessor-version":[{"id":6914,"href":"https:\/\/politicapatagonica.com\/index.php\/wp-json\/wp\/v2\/posts\/6912\/revisions\/6914"}],"wp:featuredmedia":[{"embeddable":true,"href":"https:\/\/politicapatagonica.com\/index.php\/wp-json\/wp\/v2\/media\/6913"}],"wp:attachment":[{"href":"https:\/\/politicapatagonica.com\/index.php\/wp-json\/wp\/v2\/media?parent=6912"}],"wp:term":[{"taxonomy":"category","embeddable":true,"href":"https:\/\/politicapatagonica.com\/index.php\/wp-json\/wp\/v2\/categories?post=6912"},{"taxonomy":"post_tag","embeddable":true,"href":"https:\/\/politicapatagonica.com\/index.php\/wp-json\/wp\/v2\/tags?post=6912"}],"curies":[{"name":"wp","href":"https:\/\/api.w.org\/{rel}","templated":true}]}}