{"id":6909,"date":"2025-05-28T21:44:25","date_gmt":"2025-05-28T21:44:25","guid":{"rendered":"https:\/\/politicapatagonica.com\/?p=6909"},"modified":"2025-05-29T22:16:33","modified_gmt":"2025-05-29T22:16:33","slug":"claudio-vidal-sobre-al-interna-del-pj-destruyeron-el-partido","status":"publish","type":"post","link":"https:\/\/politicapatagonica.com\/index.php\/2025\/05\/28\/claudio-vidal-sobre-al-interna-del-pj-destruyeron-el-partido\/","title":{"rendered":"Claudio Vidal sobre al interna del PJ en Santa Cruz: \u201cDestruyeron el partido\u201d"},"content":{"rendered":"\n<p><strong>El gobernador\u00a0de Santa Cruz Claudio Vidal<\/strong>\u00a0<strong>encabez\u00f3 el acto de inauguraci\u00f3n del acueducto Ca\u00f1ad\u00f3n Quintar-Caleta Olivia. <\/strong><\/p>\n\n\n\n<p>Entre los temas a los que se refiri\u00f3, fue consultado por la&nbsp;<strong>interna del PJ<\/strong>. Y si bien comenz\u00f3 se\u00f1alando que prefer\u00eda no opinar, Vidal termin\u00f3 dejando fuertes definiciones.<\/p>\n\n\n\n<p>\u201c<strong>La interna del PJ es algo que tienen que resolver ellos<\/strong>\u201d marc\u00f3 el gobernador, al tiempo que se autodefini\u00f3: \u201c<strong>yo soy peronista<\/strong>\u201c. Claudio Vidal remarc\u00f3 que fue el&nbsp;<strong>fundador de Ser Santa Cruz<\/strong>&nbsp;\u201cy la verdad que me siento orgulloso de haber podido lograr la creaci\u00f3n de un partido que convoc\u00f3 a todos los interesados en trabajar por una provincia distinta\u201d.<\/p>\n\n\n\n<p>En ese marco, dese\u00f3 que, efectivamente el Partido Justicialista convoque a una interna partidaria para definir sus candidatos. \u201cOjal\u00e1 que s\u00ed, que el PJ convoque,&nbsp;<strong>que se termine la pol\u00edtica del dedismo<\/strong>. Me parece a m\u00ed que parte de la democracia es la votaci\u00f3n y<strong>&nbsp;es lo que tendr\u00eda que suceder en todos los partidos<\/strong>\u201c, afirm\u00f3.<br>Y agreg\u00f3: \u201cnosotros tenemos resuelto el tema de conducci\u00f3n, ellos tienen que resolver el de ellos y mientras tanto nosotros seguimos trabajando para sacar esta provincia adelante\u201d.<\/p>\n\n\n\n<h2>\u201cDestruyeron el partido\u201d<\/h2>\n\n\n\n<p>Sobre si esta falta de conducci\u00f3n hace d\u00e9bil al justicialismo, respondi\u00f3 \u201cYo no s\u00e9 si los hace d\u00e9biles o si los hace fuertes\u201d pero enfatiz\u00f3 sus dudas de que hoy est\u00e9n creciendo: \u201c<strong>Yo no creo que hoy el peronismo en la provincia se pele\u00e9 para reproducirse<\/strong>. Eso suced\u00eda antes, cuando hab\u00eda vocaci\u00f3n de servicio, cuando hab\u00eda amor por la patria, amor por nuestro pueblo, hoy ya no sucede eso,&nbsp;<strong>lamentablemente destruyeron el partido<\/strong>\u201c, concluy\u00f3.<\/p>\n\n\n\n<p><strong>Fuente: laopinionaustral.com.ar<\/strong><\/p>\n","protected":false},"excerpt":{"rendered":"<p>El gobernador\u00a0de Santa Cruz Claudio Vidal\u00a0encabez\u00f3 el acto de inauguraci\u00f3n del acueducto Ca\u00f1ad\u00f3n Quintar-Caleta Olivia. Entre los temas a los que se refiri\u00f3, fue consultado por la&nbsp;interna del PJ. Y si bien comenz\u00f3 se\u00f1alando que prefer\u00eda no opinar, Vidal termin\u00f3 dejando fuertes definiciones. \u201cLa interna del PJ es algo que tienen que resolver ellos\u201d marc\u00f3 [&hellip;]<\/p>\n","protected":false},"author":5,"featured_media":6910,"comment_status":"open","ping_status":"open","sticky":false,"template":"","format":"standard","meta":[],"categories":[8],"tags":[],"_links":{"self":[{"href":"https:\/\/politicapatagonica.com\/index.php\/wp-json\/wp\/v2\/posts\/6909"}],"collection":[{"href":"https:\/\/politicapatagonica.com\/index.php\/wp-json\/wp\/v2\/posts"}],"about":[{"href":"https:\/\/politicapatagonica.com\/index.php\/wp-json\/wp\/v2\/types\/post"}],"author":[{"embeddable":true,"href":"https:\/\/politicapatagonica.com\/index.php\/wp-json\/wp\/v2\/users\/5"}],"replies":[{"embeddable":true,"href":"https:\/\/politicapatagonica.com\/index.php\/wp-json\/wp\/v2\/comments?post=6909"}],"version-history":[{"count":2,"href":"https:\/\/politicapatagonica.com\/index.php\/wp-json\/wp\/v2\/posts\/6909\/revisions"}],"predecessor-version":[{"id":6922,"href":"https:\/\/politicapatagonica.com\/index.php\/wp-json\/wp\/v2\/posts\/6909\/revisions\/6922"}],"wp:featuredmedia":[{"embeddable":true,"href":"https:\/\/politicapatagonica.com\/index.php\/wp-json\/wp\/v2\/media\/6910"}],"wp:attachment":[{"href":"https:\/\/politicapatagonica.com\/index.php\/wp-json\/wp\/v2\/media?parent=6909"}],"wp:term":[{"taxonomy":"category","embeddable":true,"href":"https:\/\/politicapatagonica.com\/index.php\/wp-json\/wp\/v2\/categories?post=6909"},{"taxonomy":"post_tag","embeddable":true,"href":"https:\/\/politicapatagonica.com\/index.php\/wp-json\/wp\/v2\/tags?post=6909"}],"curies":[{"name":"wp","href":"https:\/\/api.w.org\/{rel}","templated":true}]}}