{"id":6906,"date":"2025-05-28T21:38:07","date_gmt":"2025-05-28T21:38:07","guid":{"rendered":"https:\/\/politicapatagonica.com\/?p=6906"},"modified":"2025-05-29T22:12:47","modified_gmt":"2025-05-29T22:12:47","slug":"la-ucr-y-el-pro-pampeano-dieron-el-primer-paso-para-ir-juntos-en-octubre","status":"publish","type":"post","link":"https:\/\/politicapatagonica.com\/index.php\/2025\/05\/28\/la-ucr-y-el-pro-pampeano-dieron-el-primer-paso-para-ir-juntos-en-octubre\/","title":{"rendered":"La UCR y el PRO de La Pampa dieron el primer paso para ir juntos en las elecciones de octubre"},"content":{"rendered":"\n<p>La Uni\u00f3n C\u00edvica Radical y el PRO dieron el primer paso para avanzar en la conformaci\u00f3n de un frente electoral para las elecciones de octubre.&nbsp;<strong>Un grupo de dirigentes de cada partido se reuni\u00f3 el martes por la tarde en la sede de la Fundaci\u00f3n Pensar, en Santa Rosa.<\/strong>&nbsp;&#8220;Estuvimos de acuerdo en fortalecer el frente y tomar una decisi\u00f3n para perfilar el 2027, que es a lo que se apunta&#8221;, le dijo a El Diario uno de los participantes del encuentro.<\/p>\n\n\n\n<p><strong>La UCR anunci\u00f3 el adelantamiento de la Convenci\u00f3n para el 7 de junio, en diez d\u00edas.<\/strong>&nbsp;En ese momento, quedar\u00e1 definida la estrategia de alianzas. Del c\u00f3nclave con los amarillos particip\u00f3 el presidente de la UCR,&nbsp;<strong>Federico Guidugli, a<\/strong>compa\u00f1ado por dos dirigentes m\u00e1s.<\/p>\n\n\n\n<p>En la sede del PRO, los recibieron el presidente y diputado nacional,&nbsp;<strong>Mart\u00edn Ardohain,<\/strong>&nbsp;la senadora&nbsp;<strong>Victoria Huala,<\/strong>&nbsp;la concejala santarrose\u00f1a<strong>&nbsp;Fernanda Odd<\/strong>i, y&nbsp;<strong>Marita Mac Allister<\/strong>, la presidenta del Tribunal de Cuentas.<\/p>\n\n\n\n<p><strong><em>La tensi\u00f3n con los violetas<\/em><\/strong><\/p>\n\n\n\n<p><strong>Uno de los puntos candentes de la conversaci\u00f3n fue la postura respecto a la Libertad Avanza y Comunidad Organizada. Los radicales manifestaron que est\u00e1n &#8220;las puertas abiertas&#8221; para ellos para un frente amplio, pero aclararon que solamente si reconocen el liderazgo de la UCR.<\/strong>&nbsp;&nbsp;No aceptan pintar el eventual frente de violeta y de seguidismos a las pol\u00edticas de Milei. &#8220;Eso no va a pasar. Antes que eso, vamos solos&#8221;, aclararon durante la charla.<\/p>\n\n\n\n<p>En cambio, la posici\u00f3n del PRO qued\u00f3 en el aire, menos categ\u00f3rica. Debilitado electoralmente, no ir\u00e1n en una lista solos. Y si tienen que optar si la cuerda se tensa al m\u00e1ximo por arrimarse a la UCR o la Libertad Avanza en las elecciones de octubre, deber\u00e1n definirse por uno o por otro.&nbsp;<strong>&#8220;Solos, no vamos. El electorado nos matar\u00eda&#8221;, reconocen.<\/strong><\/p>\n\n\n\n<p>En este momento, los amarillos pampeanos tienen di\u00e1logo con el radicalismo, m\u00e1s confiable, pero no encuentra interlocutores v\u00e1lidos con los violetas, m\u00e1s impredecibles a la hora de hacer y de cumplir acuerdos y divididos en tres fracciones dif\u00edciles de reconciliar.<\/p>\n\n\n\n<p><strong><em>Candidaturas y quedar de pie<\/em><\/strong><\/p>\n\n\n\n<p><strong>Entre los radicales, la prioridad es &#8220;surfear&#8221; la elecci\u00f3n de octubre y retener la banca en el Congreso. Est\u00e1n dispuestos a una elecci\u00f3n de tercios y a &#8220;sobrevivir&#8221; ante el riesgo de una polarizaci\u00f3n de apoyo o resistencia a Milei.<\/strong><\/p>\n\n\n\n<p>El pr\u00f3ximo 7 de junio la Convenci\u00f3n fijar\u00e1 la pol\u00edtica de alianza y nombrar\u00e1 a los negociadores oficiales para conformar el frente.<strong>&nbsp;Por ahora, Mart\u00edn Berhongaray&nbsp; sigue deshojando la margarita y no ha aceptado ser el candidato, algo que le piden, respaldados en las encuestas.<\/strong><\/p>\n\n\n\n<p><strong>De todas formas, en el Comit\u00e9 radical no se cortan las venas por la postura dubitativa de Berhongaray.<\/strong>&nbsp;&#8220;La UCR va a tener candidatos. Si no es \u00e9l, ser\u00e1 otro&#8221;, dijeron. No dan nombres por ahora, pero algunas miradas buscan la lista de intendentes en manos del radicalismo.<\/p>\n\n\n\n<p>De all\u00ed, hay que descontar al achense Abel Sabarots, que ya avis\u00f3 que no est\u00e1 dispuesto para asumir ese compromiso. Algunos dirigentes ya est\u00e1n agitando como plan B la figura de la intendenta de Castex, M\u00f3nica Curuchet. O de alg\u00fan otro jefe comunal con buena imagen.<\/p>\n\n\n\n<p><strong>Fuente: www.eldiariodelapampa.com.ar<\/strong><\/p>\n","protected":false},"excerpt":{"rendered":"<p>La Uni\u00f3n C\u00edvica Radical y el PRO dieron el primer paso para avanzar en la conformaci\u00f3n de un frente electoral para las elecciones de octubre.&nbsp;Un grupo de dirigentes de cada partido se reuni\u00f3 el martes por la tarde en la sede de la Fundaci\u00f3n Pensar, en Santa Rosa.&nbsp;&#8220;Estuvimos de acuerdo en fortalecer el frente y [&hellip;]<\/p>\n","protected":false},"author":5,"featured_media":6907,"comment_status":"open","ping_status":"open","sticky":false,"template":"","format":"standard","meta":[],"categories":[10],"tags":[],"_links":{"self":[{"href":"https:\/\/politicapatagonica.com\/index.php\/wp-json\/wp\/v2\/posts\/6906"}],"collection":[{"href":"https:\/\/politicapatagonica.com\/index.php\/wp-json\/wp\/v2\/posts"}],"about":[{"href":"https:\/\/politicapatagonica.com\/index.php\/wp-json\/wp\/v2\/types\/post"}],"author":[{"embeddable":true,"href":"https:\/\/politicapatagonica.com\/index.php\/wp-json\/wp\/v2\/users\/5"}],"replies":[{"embeddable":true,"href":"https:\/\/politicapatagonica.com\/index.php\/wp-json\/wp\/v2\/comments?post=6906"}],"version-history":[{"count":3,"href":"https:\/\/politicapatagonica.com\/index.php\/wp-json\/wp\/v2\/posts\/6906\/revisions"}],"predecessor-version":[{"id":6921,"href":"https:\/\/politicapatagonica.com\/index.php\/wp-json\/wp\/v2\/posts\/6906\/revisions\/6921"}],"wp:featuredmedia":[{"embeddable":true,"href":"https:\/\/politicapatagonica.com\/index.php\/wp-json\/wp\/v2\/media\/6907"}],"wp:attachment":[{"href":"https:\/\/politicapatagonica.com\/index.php\/wp-json\/wp\/v2\/media?parent=6906"}],"wp:term":[{"taxonomy":"category","embeddable":true,"href":"https:\/\/politicapatagonica.com\/index.php\/wp-json\/wp\/v2\/categories?post=6906"},{"taxonomy":"post_tag","embeddable":true,"href":"https:\/\/politicapatagonica.com\/index.php\/wp-json\/wp\/v2\/tags?post=6906"}],"curies":[{"name":"wp","href":"https:\/\/api.w.org\/{rel}","templated":true}]}}