{"id":6898,"date":"2025-05-27T22:48:31","date_gmt":"2025-05-27T22:48:31","guid":{"rendered":"https:\/\/politicapatagonica.com\/?p=6898"},"modified":"2025-05-28T16:55:38","modified_gmt":"2025-05-28T16:55:38","slug":"rutas-nacionales-weretilneck-evalua-acciones-legales","status":"publish","type":"post","link":"https:\/\/politicapatagonica.com\/index.php\/2025\/05\/27\/rutas-nacionales-weretilneck-evalua-acciones-legales\/","title":{"rendered":"Obras frenadas en rutas de R\u00edo Negro: Weretilneck eval\u00faa acciones legales contra el Gobierno nacional"},"content":{"rendered":"\n<p><strong>Ante la inacci\u00f3n del Gobierno nacional en el mantenimiento de las rutas nacionales 22 y 151, el gobernador Alberto Weretilneck adelant\u00f3 que iniciar\u00e1 acciones legales. Lo har\u00e1 junto a los intendentes del Alto Valle y sectores privados.<\/strong> Las trazas son esenciales en el ingreso y egreso de Vaca Muerta, pero tambi\u00e9n para la producci\u00f3n frut\u00edcola, el turismo y la seguridad vial de los habitantes de esa regi\u00f3n de la provincia.<\/p>\n\n\n\n<p><strong>El Mandatario dijo que el Estado Nacional &#8220;no termina de generar una decisi\u00f3n&#8221;, en referencia al pedido que hizo R\u00edo Negro para administrar esas rutas. Tampoco -dijo- &#8220;no hace mantenimiento, no resuelve los contratos que tiene incumplidos y no resuelve los proyectos ejecutivos, ya sea en la Ruta 22 o en la 151&#8221;, se quej\u00f3 en contacto con la prensa en Roca.<\/strong> Entonces, lo que lo que estamos planteando concretamente es una definici\u00f3n al respecto, se\u00f1al\u00f3.<\/p>\n\n\n\n<p>Weretilneck remarc\u00f3: &#8220;Creemos que ante la falta de una respuesta del Estado Nacional, en lo que son nuestras rutas nacionales, quiz\u00e1s la v\u00eda de la mediaci\u00f3n judicial encuentre respuestas que hoy, desde el punto de vista pol\u00edtico, no encontramos&#8221;.<\/p>\n\n\n\n<p><strong>&#8220;En este marco es muy probable que entre el sector privado y el sector p\u00fablico, ya sean intendentes o Gobierno provincial, avancemos en acciones legales<\/strong>&#8221; subray\u00f3 el Gobernador, y record\u00f3 que ya realiz\u00f3 una presentaci\u00f3n similar por el mal estado de la Ruta 40, entre Bariloche y El Bols\u00f3n. En ese sentido, puntualiz\u00f3: &#8220;Logramos que Vialidad Nacional se comprometa a la soluci\u00f3n de los problemas, de hecho lo hizo&#8221;.<\/p>\n\n\n\n<p><strong>Fuente: www.adnrionegro.com.ar<\/strong><\/p>\n","protected":false},"excerpt":{"rendered":"<p>Ante la inacci\u00f3n del Gobierno nacional en el mantenimiento de las rutas nacionales 22 y 151, el gobernador Alberto Weretilneck adelant\u00f3 que iniciar\u00e1 acciones legales. Lo har\u00e1 junto a los intendentes del Alto Valle y sectores privados. Las trazas son esenciales en el ingreso y egreso de Vaca Muerta, pero tambi\u00e9n para la producci\u00f3n frut\u00edcola, [&hellip;]<\/p>\n","protected":false},"author":5,"featured_media":6899,"comment_status":"open","ping_status":"open","sticky":false,"template":"","format":"standard","meta":[],"categories":[13],"tags":[],"_links":{"self":[{"href":"https:\/\/politicapatagonica.com\/index.php\/wp-json\/wp\/v2\/posts\/6898"}],"collection":[{"href":"https:\/\/politicapatagonica.com\/index.php\/wp-json\/wp\/v2\/posts"}],"about":[{"href":"https:\/\/politicapatagonica.com\/index.php\/wp-json\/wp\/v2\/types\/post"}],"author":[{"embeddable":true,"href":"https:\/\/politicapatagonica.com\/index.php\/wp-json\/wp\/v2\/users\/5"}],"replies":[{"embeddable":true,"href":"https:\/\/politicapatagonica.com\/index.php\/wp-json\/wp\/v2\/comments?post=6898"}],"version-history":[{"count":3,"href":"https:\/\/politicapatagonica.com\/index.php\/wp-json\/wp\/v2\/posts\/6898\/revisions"}],"predecessor-version":[{"id":6905,"href":"https:\/\/politicapatagonica.com\/index.php\/wp-json\/wp\/v2\/posts\/6898\/revisions\/6905"}],"wp:featuredmedia":[{"embeddable":true,"href":"https:\/\/politicapatagonica.com\/index.php\/wp-json\/wp\/v2\/media\/6899"}],"wp:attachment":[{"href":"https:\/\/politicapatagonica.com\/index.php\/wp-json\/wp\/v2\/media?parent=6898"}],"wp:term":[{"taxonomy":"category","embeddable":true,"href":"https:\/\/politicapatagonica.com\/index.php\/wp-json\/wp\/v2\/categories?post=6898"},{"taxonomy":"post_tag","embeddable":true,"href":"https:\/\/politicapatagonica.com\/index.php\/wp-json\/wp\/v2\/tags?post=6898"}],"curies":[{"name":"wp","href":"https:\/\/api.w.org\/{rel}","templated":true}]}}