{"id":6431,"date":"2025-04-04T18:37:52","date_gmt":"2025-04-04T18:37:52","guid":{"rendered":"https:\/\/politicapatagonica.com\/?p=6431"},"modified":"2025-04-07T13:34:42","modified_gmt":"2025-04-07T13:34:42","slug":"fuerte-caida-de-la-coparticipacion-en-rio-negro-bajo-un-16-en-marzo","status":"publish","type":"post","link":"https:\/\/politicapatagonica.com\/index.php\/2025\/04\/04\/fuerte-caida-de-la-coparticipacion-en-rio-negro-bajo-un-16-en-marzo\/","title":{"rendered":"Fuerte ca\u00edda de la coparticipaci\u00f3n en R\u00edo Negro: baj\u00f3 un 16% en marzo"},"content":{"rendered":"\n<p><strong>El principal factor detr\u00e1s de esta disminuci\u00f3n es la menor recaudaci\u00f3n del IVA, que explica el 67% de la ca\u00edda. Este tributo, estrechamente ligado a la actividad econ\u00f3mica, mostr\u00f3 un retroceso sostenido en los primeros meses del a\u00f1o. Mientras en enero hab\u00eda alcanzado los $66.602 millones, en febrero baj\u00f3 a $58.321 millones y en marzo cay\u00f3 a $54.556 millones.<\/strong><\/p>\n\n\n\n<p><br>A esta situaci\u00f3n se suma la ca\u00edda en la recaudaci\u00f3n del impuesto sobre los Ingresos Brutos, que en marzo registr\u00f3 una merma de $4.094 millones, lo que equivale a una baja del 10,3% respecto a enero. Este impuesto, que<strong> refleja la actividad comercial dentro de la provincia, tambi\u00e9n muestra un enfriamiento econ\u00f3mico.<\/strong><\/p>\n\n\n\n<p><br>El contexto nacional refuerza esta tendencia. A nivel pa\u00eds, el IVA y el impuesto a los d\u00e9bitos y cr\u00e9ditos bancarios tambi\u00e9n sufrieron importantes ca\u00eddas en marzo respecto a enero, con retrocesos del 18% y 12% respectivamente.<\/p>\n\n\n\n<p><br>A pesar de la baja en la recaudaci\u00f3n, la Provincia mantiene su pol\u00edtica de actualizaci\u00f3n salarial, lo que genera una creciente presi\u00f3n sobre las finanzas p\u00fablicas. Al tratarse de recursos coparticipables, <strong>los Municipios de R\u00edo Negro tambi\u00e9n sienten el impacto de la menor disponibilidad de fondos.<\/strong><\/p>\n\n\n\n<p><br>\u201cLa fuerte ca\u00edda en la coparticipaci\u00f3n se viene marcando a\u00fan m\u00e1s en el tiempo. Mientras en enero, R\u00edo Negro recibi\u00f3 $112.398 millones, en febrero esa cifra cay\u00f3 a $104.777 millones y en marzo a $94.540 millones.<strong> Es decir, todos los meses ingresan menos fondos por coparticipaci\u00f3n\u201d, manifest\u00f3 el ministro de Hacienda, Gabriel S\u00e1nchez.<\/strong><\/p>\n\n\n\n<p><strong>Fuente: rionegro.gov.ar<\/strong><\/p>\n","protected":false},"excerpt":{"rendered":"<p>El principal factor detr\u00e1s de esta disminuci\u00f3n es la menor recaudaci\u00f3n del IVA, que explica el 67% de la ca\u00edda. Este tributo, estrechamente ligado a la actividad econ\u00f3mica, mostr\u00f3 un retroceso sostenido en los primeros meses del a\u00f1o. Mientras en enero hab\u00eda alcanzado los $66.602 millones, en febrero baj\u00f3 a $58.321 millones y en marzo [&hellip;]<\/p>\n","protected":false},"author":5,"featured_media":6432,"comment_status":"open","ping_status":"open","sticky":false,"template":"","format":"standard","meta":[],"categories":[13],"tags":[],"_links":{"self":[{"href":"https:\/\/politicapatagonica.com\/index.php\/wp-json\/wp\/v2\/posts\/6431"}],"collection":[{"href":"https:\/\/politicapatagonica.com\/index.php\/wp-json\/wp\/v2\/posts"}],"about":[{"href":"https:\/\/politicapatagonica.com\/index.php\/wp-json\/wp\/v2\/types\/post"}],"author":[{"embeddable":true,"href":"https:\/\/politicapatagonica.com\/index.php\/wp-json\/wp\/v2\/users\/5"}],"replies":[{"embeddable":true,"href":"https:\/\/politicapatagonica.com\/index.php\/wp-json\/wp\/v2\/comments?post=6431"}],"version-history":[{"count":1,"href":"https:\/\/politicapatagonica.com\/index.php\/wp-json\/wp\/v2\/posts\/6431\/revisions"}],"predecessor-version":[{"id":6433,"href":"https:\/\/politicapatagonica.com\/index.php\/wp-json\/wp\/v2\/posts\/6431\/revisions\/6433"}],"wp:featuredmedia":[{"embeddable":true,"href":"https:\/\/politicapatagonica.com\/index.php\/wp-json\/wp\/v2\/media\/6432"}],"wp:attachment":[{"href":"https:\/\/politicapatagonica.com\/index.php\/wp-json\/wp\/v2\/media?parent=6431"}],"wp:term":[{"taxonomy":"category","embeddable":true,"href":"https:\/\/politicapatagonica.com\/index.php\/wp-json\/wp\/v2\/categories?post=6431"},{"taxonomy":"post_tag","embeddable":true,"href":"https:\/\/politicapatagonica.com\/index.php\/wp-json\/wp\/v2\/tags?post=6431"}],"curies":[{"name":"wp","href":"https:\/\/api.w.org\/{rel}","templated":true}]}}