{"id":6427,"date":"2025-04-04T18:12:46","date_gmt":"2025-04-04T18:12:46","guid":{"rendered":"https:\/\/politicapatagonica.com\/?p=6427"},"modified":"2025-04-07T13:32:30","modified_gmt":"2025-04-07T13:32:30","slug":"ushuaia-declaro-persona-no-grata-a-javier-milei-por-sus-dichos-sobre-malvinas","status":"publish","type":"post","link":"https:\/\/politicapatagonica.com\/index.php\/2025\/04\/04\/ushuaia-declaro-persona-no-grata-a-javier-milei-por-sus-dichos-sobre-malvinas\/","title":{"rendered":"Ushuaia declar\u00f3 persona no grata a Javier Milei por sus dichos sobre Malvinas"},"content":{"rendered":"\n<p>El&nbsp;<strong>Concejo Deliberante de Ushuaia<\/strong>&nbsp;declar\u00f3 persona no grata al presidente&nbsp;<strong>Javier Milei<\/strong>&nbsp;por sus declaraciones en el acto por el 2 de Abril, que encabez\u00f3 en el cenotafio de la Plaza San Mart\u00edn del barrio porte\u00f1o de Retiro.<\/p>\n\n\n\n<p>&#8220;Anhelamos que los malvinenses decidan alg\u00fan d\u00eda votarnos con los pies a nosotros. Por eso buscamos ser una potencia, a punto tal que ellos prefieran ser argentinos. Y ni siquiera haga falta usar la disuasi\u00f3n o el convencimiento para lograrlo\u201d,&nbsp;hab\u00eda dicho el mandatario el mi\u00e9rcoles a la ma\u00f1ana.<\/p>\n\n\n\n<p>Sus dichos le valieron duras cr\u00edticas y hasta una d<strong>enuncia penal de la Confederaci\u00f3n Nacional de Combatientes de Malvinas por el delito de &#8220;traici\u00f3n a la Patria&#8221;<\/strong>,&nbsp;entre otros.&nbsp;<strong>Ahora, los legisladores de la capital fueguina aprobaron la declaraci\u00f3n de persona no grata en la ciudad.<\/strong><\/p>\n\n\n\n<p>El proyecto fue obra de la concejal&nbsp;<strong>Daiana Freiberger<\/strong>, del bloque Provincia Grande, y<strong> se aprob\u00f3 con seis votos afirmativos y cuatro negativos<\/strong>. Por la positiva se inclinaron&nbsp;<strong>Anal\u00eda Escalante<\/strong>, de FORJA (oficialismo fueguino) y los peronistas&nbsp;<strong>Gabriel De La Vega, Nicol\u00e1s Pelolli, Laura \u00c1vila<\/strong>&nbsp;y&nbsp;<strong>Yessica Garay<\/strong>, adem\u00e1s de la propia Freiberger.<\/p>\n\n\n\n<p>En cambio, sufragaron en contra la libertaria&nbsp;<strong>Bel\u00e9n Monte de Oca;<\/strong>&nbsp;<strong>Fernando Oyarz\u00fan<\/strong>, de FORJA;&nbsp;<strong>Valter Tavarone<\/strong>, de Somos Fueguinos; y&nbsp;<strong>Vladimir Espeche,<\/strong>&nbsp;del Movimiento Popular Fueguino.<\/p>\n\n\n\n<p>Para la impulsora del proyecto, las manifestaciones de Milei&nbsp;<strong>&#8220;desconocen la leg\u00edtima e imprescriptible soberan\u00eda sobre las Islas Malvinas\u201d.<\/strong><\/p>\n\n\n\n<p><strong>\u201cSon numerosas las acciones que ha realizado contra la integraci\u00f3n de nuestro territorio y en favor de los intereses brit\u00e1nicos &#8211; rezan los fundamentos del proyecto aprobado ayer- aline\u00f3 su pol\u00edtica interna y externa en beneficio de intereses for\u00e1neos, oponi\u00e9ndose a los intereses nacionales y en especial a los de la provincia&#8221;<\/strong>, puntualiz\u00f3.<\/p>\n\n\n\n<p>M\u00e1s all\u00e1 de la declaraci\u00f3n del Concejo Deliberante de Ushuaia, <strong>el mismo de 2 de Abril llovieron cr\u00edticas contra el Presidente por sus declaraciones<\/strong>. Algunas de ellas tuvieron lugar en el acto por 43 aniversario del Inicio del Conflicto del Atl\u00e1ntico Sur que tuvo lugar en la capital de la provincia.<\/p>\n\n\n\n<p>All\u00ed estuvo la presidente&nbsp;<strong>Victoria Villarruel&nbsp;junto con el gobernador Gustavo Melella y diputados y legisladores de diversas escuder\u00edas pol\u00edticas, adem\u00e1s de veteranos y veteranas de guerra.<\/strong><\/p>\n\n\n\n<p>En la ocasi\u00f3n, Melella se\u00f1al\u00f3&nbsp;<strong>&#8220;hoy alguien dijo en Buenos Aires que so\u00f1aba que los habitantes ilegales e ileg\u00edtimos de las Islas quisieran ser argentinos. Yo no sue\u00f1o eso: yo sue\u00f1o con que se vayan de una vez, porque no son la poblaci\u00f3n originaria. Fueron implantados&#8221;.<\/strong><\/p>\n\n\n\n<p>M\u00e1s a fondo fue el secretario de Malvinas, Ant\u00e1rtida, Islas del Atl\u00e1ntico Sur y Asuntos Internacionales de Tierra del Fuego, Andr\u00e9s Dachary, quien acus\u00f3 al Presidente de &#8220;tirar a la basura&#8221; 192 a\u00f1os de esfuerzos diplom\u00e1ticos.<\/p>\n\n\n\n<p><strong>&#8220;Por primera vez en la historia de nuestro pa\u00eds un presidente de la Naci\u00f3n, la persona que representa y obliga al Estado en la \u00f3rbita internacional, ha pretendido reconocer impl\u00edcitamente la posici\u00f3n brit\u00e1nica&#8221;,<\/strong>&nbsp;dijo el funcionario fueguino.<\/p>\n\n\n\n<p>Y, en esa l\u00ednea, indic\u00f3: <strong>&#8220;Ha tirado a la basura el trabajo de Manuel Moreno, de Julio A. Roca, de Alvear, de Per\u00f3n, de Illia, de Alfons\u00edn, incluso de Menem y de todos los presidentes argentinos desde 1833 a la fecha&#8221;.<\/strong><\/p>\n\n\n\n<p>En tanto, el Presidente del Centro de exCombatientes de Ushuaia, Juan Carlos Parodi, dispar\u00f3 munici\u00f3n pesada contra Milei.&nbsp;<strong>&#8220;Acabo de escuchar al Presidente decir que hay que escuchar a los habitantes de las Islas decir que quieren ser argentinos, algo parecido a la autodeterminaci\u00f3n de los pueblos, cosa que no corresponde en este caso para nada, porque no es un pueblo originario para nada, todos los sabemos&#8221;<\/strong>, lanz\u00f3.<\/p>\n\n\n\n<p><strong>Fuente: www.ambito.com<\/strong><\/p>\n","protected":false},"excerpt":{"rendered":"<p>El&nbsp;Concejo Deliberante de Ushuaia&nbsp;declar\u00f3 persona no grata al presidente&nbsp;Javier Milei&nbsp;por sus declaraciones en el acto por el 2 de Abril, que encabez\u00f3 en el cenotafio de la Plaza San Mart\u00edn del barrio porte\u00f1o de Retiro. &#8220;Anhelamos que los malvinenses decidan alg\u00fan d\u00eda votarnos con los pies a nosotros. Por eso buscamos ser una potencia, a [&hellip;]<\/p>\n","protected":false},"author":5,"featured_media":6428,"comment_status":"open","ping_status":"open","sticky":false,"template":"","format":"standard","meta":[],"categories":[11],"tags":[],"_links":{"self":[{"href":"https:\/\/politicapatagonica.com\/index.php\/wp-json\/wp\/v2\/posts\/6427"}],"collection":[{"href":"https:\/\/politicapatagonica.com\/index.php\/wp-json\/wp\/v2\/posts"}],"about":[{"href":"https:\/\/politicapatagonica.com\/index.php\/wp-json\/wp\/v2\/types\/post"}],"author":[{"embeddable":true,"href":"https:\/\/politicapatagonica.com\/index.php\/wp-json\/wp\/v2\/users\/5"}],"replies":[{"embeddable":true,"href":"https:\/\/politicapatagonica.com\/index.php\/wp-json\/wp\/v2\/comments?post=6427"}],"version-history":[{"count":3,"href":"https:\/\/politicapatagonica.com\/index.php\/wp-json\/wp\/v2\/posts\/6427\/revisions"}],"predecessor-version":[{"id":6435,"href":"https:\/\/politicapatagonica.com\/index.php\/wp-json\/wp\/v2\/posts\/6427\/revisions\/6435"}],"wp:featuredmedia":[{"embeddable":true,"href":"https:\/\/politicapatagonica.com\/index.php\/wp-json\/wp\/v2\/media\/6428"}],"wp:attachment":[{"href":"https:\/\/politicapatagonica.com\/index.php\/wp-json\/wp\/v2\/media?parent=6427"}],"wp:term":[{"taxonomy":"category","embeddable":true,"href":"https:\/\/politicapatagonica.com\/index.php\/wp-json\/wp\/v2\/categories?post=6427"},{"taxonomy":"post_tag","embeddable":true,"href":"https:\/\/politicapatagonica.com\/index.php\/wp-json\/wp\/v2\/tags?post=6427"}],"curies":[{"name":"wp","href":"https:\/\/api.w.org\/{rel}","templated":true}]}}