{"id":5538,"date":"2024-12-20T23:20:14","date_gmt":"2024-12-20T23:20:14","guid":{"rendered":"https:\/\/politicapatagonica.com\/?p=5538"},"modified":"2024-12-23T11:53:29","modified_gmt":"2024-12-23T11:53:29","slug":"gloria-ruiz-salio-a-hablar-tras-la-destitucion-no-voy-a-claudicar","status":"publish","type":"post","link":"https:\/\/politicapatagonica.com\/index.php\/2024\/12\/20\/gloria-ruiz-salio-a-hablar-tras-la-destitucion-no-voy-a-claudicar\/","title":{"rendered":"Gloria Ruiz sali\u00f3 a hablar tras la destituci\u00f3n: &#8220;No voy a claudicar&#8221;"},"content":{"rendered":"\n<p>&#8220;Hoy la corrupci\u00f3n qued\u00f3 dentro del poder&#8221;, afirm\u00f3&nbsp;<strong>Gloria Ruiz<\/strong>, la ex vicegobernadora de&nbsp;<strong>Neuqu\u00e9n<\/strong>, tras la aprobaci\u00f3n de un proyecto de ley que&nbsp;<strong>la separ\u00f3 su cargo por inhabilidad moral<\/strong>. <strong>A trav\u00e9s de sus redes sociales, difundi\u00f3 un video para agradecer el apoyo de sus seguidores y contraatacar a sus adversarios pol\u00edticos.<\/strong><\/p>\n\n\n\n<p>&#8220;No voy a claudicar.&nbsp;<strong>Seguir\u00e9 buscando justicia y dar\u00e9 batalla en todos los frentes.<\/strong>&nbsp;<strong>La verdad de las injusticias que est\u00e1n enquistadas en la pol\u00edtica neuquina ser\u00e1 m\u00ed lucha inquebrantable. Hoy la corrupci\u00f3n qued\u00f3 dentro del poder&#8221;<\/strong>, dijo en un mensaje que public\u00f3 en sus redes sociales y acompa\u00f1\u00f3 un video de la tambi\u00e9n ex intendenta de Plottier.<\/p>\n\n\n\n<p>&#8220;A todo el pueblo neuquino, ayer se llev\u00f3 adelante y&nbsp;<strong>se consolid\u00f3 el feudalismo y el r\u00e9gimen patriarcal imperante<\/strong>&nbsp;en esta provincia. A trav\u00e9s de una sesi\u00f3n especial se llev\u00f3 adelante la destituci\u00f3n de esta vicegobernadora elegida por el pueblo y el apoyo popular&#8221;, dijo en un video.<\/p>\n\n\n\n<p>La referente del partido vecinal de Plottier&nbsp;<strong>agradeci\u00f3 los mensajes de apoyo y el acompa\u00f1amiento de sus seguidores<\/strong>&nbsp;en la investigaci\u00f3n y el proceso legislativo que llev\u00f3 a su separaci\u00f3n del cargo.<\/p>\n\n\n\n<p><strong>&#8220;No voy a claudicar, voy a seguir luchando por la Justicia, voy a seguir luchando por los derechos de cada uno de los ciudadanos de Neuqu\u00e9n&#8221;<\/strong>, dijo en un mensaje grabado que dirigi\u00f3 &#8220;a todo el pueblo neuquino&#8221;<\/p>\n\n\n\n<h2>La destituci\u00f3n de Gloria Ruiz<\/h2>\n\n\n\n<p>La&nbsp;<strong>Legislatura aprob\u00f3 este jueves, con 30 votos a favor, la inhabilidad moral de la&nbsp;vicegobernadora Gloria Ruiz<\/strong>, <strong>por lo que ser\u00e1 desplazada de su cargo hasta diciembre de 2027.<\/strong> Cinco diputados pidieron la abstenci\u00f3n, que fue sometida a votaci\u00f3n y no fue autorizada por no tener los votos suficientes. Por eso, los diputados de los bloques FIT y UxP se retiraron de la sesi\u00f3n y no emitieron su voto.<\/p>\n\n\n\n<p>Durante la sesi\u00f3n, el diputado provincial del Movimiento Popular Neuquino (MPN), Claudio Dom\u00ednguez, critic\u00f3 la actitud de Ruiz, que divulg\u00f3 varios videos de este tipo e incluso solicit\u00f3 la renuncia conjunta de ella y el gobernador de Neuqu\u00e9n, Rolando Figueroa.<\/p>\n\n\n\n<p>Dom\u00ednguez<strong>&nbsp;critic\u00f3 el proceso de defensa de la vicegobernadora:&nbsp;&#8220;Es la segunda persona m\u00e1s importante de la Provincia de Neuqu\u00e9n y estuvo tratando de embarrar la cancha<\/strong>, generar distracciones y victimizarse&#8221;. Asegur\u00f3 que ella denunci\u00f3 que los diputados eran presionados a votar en su contra cuando en la \u00faltima sesi\u00f3n especial tuvieron que escuchar la presi\u00f3n desde las tribunas.<\/p>\n\n\n\n<p>El diputado del PRO,&nbsp;<strong>Marcelo Berm\u00fadez<\/strong>, quiso sumar un octavo punto para argumentar la inhabilidad moral de Gloria Ruiz, al que defini\u00f3 como la falta de capacidad para ejercer su rol y la poca conciencia sobre la responsabilidad que implica su funci\u00f3n.<\/p>\n\n\n\n<p>Para el legislador provincial, lo que se juzga es &#8220;una actitud, que incluye poco apego a las normas, amor por los atajos y la cosa poco transparente&#8221;. Agreg\u00f3 que las irregularidades surgen de &#8220;pensar que con un grupo de<strong>&nbsp;parientes poco capacitados<\/strong>&nbsp;se puede sobrellevar ese trabajo&#8221;.<\/p>\n\n\n\n<p><strong>Fuente: www.lmneuquen.com<\/strong><\/p>\n","protected":false},"excerpt":{"rendered":"<p>&#8220;Hoy la corrupci\u00f3n qued\u00f3 dentro del poder&#8221;, afirm\u00f3&nbsp;Gloria Ruiz, la ex vicegobernadora de&nbsp;Neuqu\u00e9n, tras la aprobaci\u00f3n de un proyecto de ley que&nbsp;la separ\u00f3 su cargo por inhabilidad moral. A trav\u00e9s de sus redes sociales, difundi\u00f3 un video para agradecer el apoyo de sus seguidores y contraatacar a sus adversarios pol\u00edticos. &#8220;No voy a claudicar.&nbsp;Seguir\u00e9 buscando [&hellip;]<\/p>\n","protected":false},"author":5,"featured_media":5539,"comment_status":"open","ping_status":"open","sticky":false,"template":"","format":"standard","meta":[],"categories":[9],"tags":[],"_links":{"self":[{"href":"https:\/\/politicapatagonica.com\/index.php\/wp-json\/wp\/v2\/posts\/5538"}],"collection":[{"href":"https:\/\/politicapatagonica.com\/index.php\/wp-json\/wp\/v2\/posts"}],"about":[{"href":"https:\/\/politicapatagonica.com\/index.php\/wp-json\/wp\/v2\/types\/post"}],"author":[{"embeddable":true,"href":"https:\/\/politicapatagonica.com\/index.php\/wp-json\/wp\/v2\/users\/5"}],"replies":[{"embeddable":true,"href":"https:\/\/politicapatagonica.com\/index.php\/wp-json\/wp\/v2\/comments?post=5538"}],"version-history":[{"count":2,"href":"https:\/\/politicapatagonica.com\/index.php\/wp-json\/wp\/v2\/posts\/5538\/revisions"}],"predecessor-version":[{"id":5546,"href":"https:\/\/politicapatagonica.com\/index.php\/wp-json\/wp\/v2\/posts\/5538\/revisions\/5546"}],"wp:featuredmedia":[{"embeddable":true,"href":"https:\/\/politicapatagonica.com\/index.php\/wp-json\/wp\/v2\/media\/5539"}],"wp:attachment":[{"href":"https:\/\/politicapatagonica.com\/index.php\/wp-json\/wp\/v2\/media?parent=5538"}],"wp:term":[{"taxonomy":"category","embeddable":true,"href":"https:\/\/politicapatagonica.com\/index.php\/wp-json\/wp\/v2\/categories?post=5538"},{"taxonomy":"post_tag","embeddable":true,"href":"https:\/\/politicapatagonica.com\/index.php\/wp-json\/wp\/v2\/tags?post=5538"}],"curies":[{"name":"wp","href":"https:\/\/api.w.org\/{rel}","templated":true}]}}