{"id":5535,"date":"2024-12-20T21:08:02","date_gmt":"2024-12-20T21:08:02","guid":{"rendered":"https:\/\/politicapatagonica.com\/?p=5535"},"modified":"2024-12-20T21:08:03","modified_gmt":"2024-12-20T21:08:03","slug":"asumieron-los-nuevos-procuradores-generales-adjuntos-de-chubut","status":"publish","type":"post","link":"https:\/\/politicapatagonica.com\/index.php\/2024\/12\/20\/asumieron-los-nuevos-procuradores-generales-adjuntos-de-chubut\/","title":{"rendered":"Asumieron los nuevos Procuradores Generales Adjuntos de Chubut"},"content":{"rendered":"\n<p>El gobernador Ignacio Torres&nbsp;y el procurador General de Chubut, Jorge Miquelarena, encabezaron este viernes&nbsp;el acto de jura de los 2 nuevos procuradores generales adjuntos del Ministerio P\u00fablico Fiscal: Marcos Germ\u00e1n Fink y Mat\u00edas Froment.<\/p>\n\n\n\n<p>La actividad se desarroll\u00f3 en la explanada exterior del Superior Tribunal de Justicia en la localidad de Rawson, y acompa\u00f1aron al titular del Ejecutivo provincial la presidenta de la Corte chubutense, Silvia Bustos, y los respectivos ministros Javier Raidan, Mario Vivas, Camila Banfi Saavedra y Ricardo Napolitani; el juez federal, Gustavo Lleral; el fiscal federal Fernando G\u00e9lvez; funcionarios de los tres Poderes del Estado, legisladores nacionales y provinciales y concejales.<\/p>\n\n\n\n<p>Torres felicit\u00f3 &#8220;a los dos procuradores generales adjuntos, quienes van a aportar much\u00edsimo a la tarea tit\u00e1nica de poner a la Justicia de la provincia en el lugar en el que debe estar, sin mencionar la vocaci\u00f3n de servicio de ambos, que los llev\u00f3 a estar asumiendo en el d\u00eda de hoy este desaf\u00edo&#8221;.<\/p>\n\n\n\n<p>Asimismo, puso en relieve que &#8220;estamos ante una de las reformas m\u00e1s importantes en la historia de nuestra provincia y en el transcurso de tan solo un a\u00f1o&#8221;, puntualizando que &#8220;muchas de dichas reformas son &#8216;bisagra&#8217;\u201d, a\u00f1adiendo que \u201cel C\u00f3digo Electoral tambi\u00e9n es una ley que nos enorgullece, habiendo sido Chubut la \u00fanica provincia que no contaba con el propio&#8221;.<\/p>\n\n\n\n<p>&#8220;Tener vocaci\u00f3n reformista no tiene sentido si los resultados no son tangibles para la ciudadan\u00eda&#8221;, apunt\u00f3 el titular del Ejecutivo provincial, sumando a ello que &#8220;el objetivo m\u00e1ximo es agilizar a la Justicia, ser m\u00e1s amigables para con todos los chubutenses, que no se demonice m\u00e1s a la Justicia como parte del problema y que, por el contrario, pase a ser parte de la soluci\u00f3n&#8221;.<\/p>\n\n\n\n<p>&#8220;Hay un cambio de clima que hoy se est\u00e1 viviendo en la provincia y en el Poder Judicial: somos ejemplo a nivel nacional del talento de nuestra gente, de nuestros programadores que desarrollaron la plataforma Espejo Chubut, que hoy es utilizada por la mitad de las provincias del pa\u00eds, adem\u00e1s de haber sido solicitada tambi\u00e9n por la Justicia Federal y reconocida por la Ministra de Seguridad de la Naci\u00f3n&#8221;, expres\u00f3 el Gobernador.<\/p>\n\n\n\n<p>&#8220;En alg\u00fan momento en el pasado Chubut tuvo una de las justicias m\u00e1s modernas, cuando se empez\u00f3 con el Sistema Acusatorio y luego el Juicio por Jurados. Despu\u00e9s, otras provincias empezaron a avanzar, la nuestra se ameset\u00f3 y hoy vemos que esta vocaci\u00f3n de &#8216;aggiornarnos&#8217; no solo se ve en el Ejecutivo y en las leyes que tratan nuestros diputados, sino tambi\u00e9n en el Poder Judicial&#8221;, sostuvo Torres, destacando a su vez &#8220;la austeridad y la gesti\u00f3n de las autoridades del Superior Tribunal de Justicia, por lo que hay que reconocer p\u00fablicamente lo realizado por su actual presidenta, Silvia Bustos&#8221;.&#8221;Comprender las necesidades de la ciudadan\u00eda&#8221;<\/p>\n\n\n\n<p>Por su parte, el procurador General de Chubut, Jorge Miquelarena, resalt\u00f3 que &#8220;es un d\u00eda sumamente importante para los nuevos funcionarios, pero fundamentalmente para el Ministerio P\u00fablico Fiscal&#8221;, agregando que &#8220;ha sido un a\u00f1o en el que, por citar un ejemplo, se consolid\u00f3 la Ley del Juicio por Jurados, pensada por nuestros constituyentes nacionales y provinciales, y en dicha instituci\u00f3n ya llevamos 48 casos en Chubut, de los cuales 43 han recibido veredicto de culpabilidad&#8221;.<\/p>\n\n\n\n<p>&#8220;El Ministerio P\u00fablico Fiscal est\u00e1 absolutamente conforme con esta forma de democratizar el poder, y debo agradecer especialmente al gobernador Ignacio Torres, porque r\u00e1pidamente comprendi\u00f3 cu\u00e1l era la necesidad de la ciudadan\u00eda respecto de las reformas planteadas al C\u00f3digo (Procesal Penal), sumado a la labor de los diputados, que lograron que se aprobara por una amplia mayor\u00eda&#8221;, expres\u00f3 el funcionario judicial.<\/p>\n\n\n\n<p>Miquelarena tambi\u00e9n puso en valor la Ley de Extinci\u00f3n de Dominio, &#8220;que establece un sistema de recupero inmediato de los bienes en cuesti\u00f3n&#8221;, como as\u00ed tambi\u00e9n &#8220;la reforma de la Ley Org\u00e1nica del Ministerio P\u00fablico Fiscal, creando la figura de dos procuradores adjuntos y entendiendo que la especializaci\u00f3n que tiene cada uno de ellos, adem\u00e1s de su experiencia, van a mejorar el desempe\u00f1o de la Justicia en Chubut&#8221;.<\/p>\n\n\n\n<h3><strong>Procuradores Generales Adjuntos<\/strong><\/h3>\n\n\n\n<p>A partir de la modificaci\u00f3n de la Ley Org\u00e1nica del Ministerio P\u00fablico Fiscal y la consecuente eliminaci\u00f3n de la Procuraci\u00f3n General Adjunta con sede en Comodoro Rivadavia, dicho \u00f3rgano fue reemplazado por dos nuevos cargos de procuradores generales adjuntos, en los que se desempe\u00f1ar\u00e1n Mat\u00edas Carlos Froment y Germ\u00e1n Fink.<\/p>\n\n\n\n<p>Los nuevos roles estar\u00e1n viunculados a dos \u00e1reas, &#8220;Gesti\u00f3n, Asuntos Constitucionales y en lo Contencioso Administrativo&#8221;, y &#8220;Penal y Contravencional&#8221;, una modificaci\u00f3n que implica una mejora en la din\u00e1mica de tratamiento de las causas penales y en una mejora sustancial del servicio de Justicia.<\/p>\n\n\n\n<p><strong>Fuente: www.elchubut.com.ar<\/strong><\/p>\n","protected":false},"excerpt":{"rendered":"<p>El gobernador Ignacio Torres&nbsp;y el procurador General de Chubut, Jorge Miquelarena, encabezaron este viernes&nbsp;el acto de jura de los 2 nuevos procuradores generales adjuntos del Ministerio P\u00fablico Fiscal: Marcos Germ\u00e1n Fink y Mat\u00edas Froment. La actividad se desarroll\u00f3 en la explanada exterior del Superior Tribunal de Justicia en la localidad de Rawson, y acompa\u00f1aron al [&hellip;]<\/p>\n","protected":false},"author":5,"featured_media":5536,"comment_status":"open","ping_status":"open","sticky":false,"template":"","format":"standard","meta":[],"categories":[14],"tags":[],"_links":{"self":[{"href":"https:\/\/politicapatagonica.com\/index.php\/wp-json\/wp\/v2\/posts\/5535"}],"collection":[{"href":"https:\/\/politicapatagonica.com\/index.php\/wp-json\/wp\/v2\/posts"}],"about":[{"href":"https:\/\/politicapatagonica.com\/index.php\/wp-json\/wp\/v2\/types\/post"}],"author":[{"embeddable":true,"href":"https:\/\/politicapatagonica.com\/index.php\/wp-json\/wp\/v2\/users\/5"}],"replies":[{"embeddable":true,"href":"https:\/\/politicapatagonica.com\/index.php\/wp-json\/wp\/v2\/comments?post=5535"}],"version-history":[{"count":1,"href":"https:\/\/politicapatagonica.com\/index.php\/wp-json\/wp\/v2\/posts\/5535\/revisions"}],"predecessor-version":[{"id":5537,"href":"https:\/\/politicapatagonica.com\/index.php\/wp-json\/wp\/v2\/posts\/5535\/revisions\/5537"}],"wp:featuredmedia":[{"embeddable":true,"href":"https:\/\/politicapatagonica.com\/index.php\/wp-json\/wp\/v2\/media\/5536"}],"wp:attachment":[{"href":"https:\/\/politicapatagonica.com\/index.php\/wp-json\/wp\/v2\/media?parent=5535"}],"wp:term":[{"taxonomy":"category","embeddable":true,"href":"https:\/\/politicapatagonica.com\/index.php\/wp-json\/wp\/v2\/categories?post=5535"},{"taxonomy":"post_tag","embeddable":true,"href":"https:\/\/politicapatagonica.com\/index.php\/wp-json\/wp\/v2\/tags?post=5535"}],"curies":[{"name":"wp","href":"https:\/\/api.w.org\/{rel}","templated":true}]}}