{"id":5521,"date":"2024-12-19T23:55:38","date_gmt":"2024-12-19T23:55:38","guid":{"rendered":"https:\/\/politicapatagonica.com\/?p=5521"},"modified":"2024-12-20T11:10:10","modified_gmt":"2024-12-20T11:10:10","slug":"ziliotto-anuncia-su-retiro-de-la-politica-en-2027-habra-terminado","status":"publish","type":"post","link":"https:\/\/politicapatagonica.com\/index.php\/2024\/12\/19\/ziliotto-anuncia-su-retiro-de-la-politica-en-2027-habra-terminado\/","title":{"rendered":"El gobernador de La Pampa anunci\u00f3 su retiro: &#8220;En 2027 mi vida pol\u00edtica habr\u00e1 terminado&#8221;\u00a0"},"content":{"rendered":"\n<p><strong>&#8220;Finalizo en 2027 y tengo el enorme desaf\u00edo de dejarle a los que vienen una provincia ordenada, y mi vida pol\u00edtica habr\u00e1 terminado&#8221;<\/strong>, se\u00f1al\u00f3 el gobernador de La Pampa Sergio Ziliotto.<\/p>\n\n\n\n<p>Fue un d\u00eda despu\u00e9s de que el ex gobernador Carlos Verna apareciera en las redes sociales junto a un militante&nbsp;2027.<\/p>\n\n\n\n<p><strong>Ziliotto afirm\u00f3: &#8220;tengo el enorme desaf\u00edo de dejarle la provincia a un compa\u00f1ero o compa\u00f1era y con eso habr\u00e9 terminado&#8221;.<\/strong><\/p>\n\n\n\n<p>&nbsp;&#8220;Cuando te hablaba de horizontalidad es dejarle a la generaci\u00f3n que viene una provincia ordenada y mi vida pol\u00edtica habr\u00e1 terminado&#8221;, a\u00f1adi\u00f3.<\/p>\n\n\n\n<p><strong>&#8220;Si no, nos llenamos de discurso de que hay que dejarle paso a las nuevas generaciones, los j\u00f3venes son el futuro, y siempre nosotros estamos adelante tap\u00e1ndole el futuro&#8221;, finaliz\u00f3.<\/strong><\/p>\n\n\n\n<p>Horas antes, el ex gobernador de La Pampa y caudillo del PJ, Carlos Verna, apareci\u00f3 con un militante en una foto que se viraliz\u00f3 en las redes sociales marcando su intenci\u00f3n de incidir en los pr\u00f3ximos pasos partidarios.&nbsp;<\/p>\n\n\n\n<p><strong>En el 2027, el gobernador Ziliotto cumplir\u00e1 ocho a\u00f1os al frente de la Provincia. Asumi\u00f3 por primera vez el 10 de diciembre de 2019, con 57 a\u00f1os de edad. Se retirar\u00e1 con 65 a\u00f1os.<\/strong><\/p>\n\n\n\n<p><strong>Fuente: www.eldiariodelapampa.com.ar<\/strong><\/p>\n","protected":false},"excerpt":{"rendered":"<p>&#8220;Finalizo en 2027 y tengo el enorme desaf\u00edo de dejarle a los que vienen una provincia ordenada, y mi vida pol\u00edtica habr\u00e1 terminado&#8221;, se\u00f1al\u00f3 el gobernador de La Pampa Sergio Ziliotto. Fue un d\u00eda despu\u00e9s de que el ex gobernador Carlos Verna apareciera en las redes sociales junto a un militante&nbsp;2027. Ziliotto afirm\u00f3: &#8220;tengo el [&hellip;]<\/p>\n","protected":false},"author":5,"featured_media":5522,"comment_status":"open","ping_status":"open","sticky":false,"template":"","format":"standard","meta":[],"categories":[10],"tags":[],"_links":{"self":[{"href":"https:\/\/politicapatagonica.com\/index.php\/wp-json\/wp\/v2\/posts\/5521"}],"collection":[{"href":"https:\/\/politicapatagonica.com\/index.php\/wp-json\/wp\/v2\/posts"}],"about":[{"href":"https:\/\/politicapatagonica.com\/index.php\/wp-json\/wp\/v2\/types\/post"}],"author":[{"embeddable":true,"href":"https:\/\/politicapatagonica.com\/index.php\/wp-json\/wp\/v2\/users\/5"}],"replies":[{"embeddable":true,"href":"https:\/\/politicapatagonica.com\/index.php\/wp-json\/wp\/v2\/comments?post=5521"}],"version-history":[{"count":2,"href":"https:\/\/politicapatagonica.com\/index.php\/wp-json\/wp\/v2\/posts\/5521\/revisions"}],"predecessor-version":[{"id":5534,"href":"https:\/\/politicapatagonica.com\/index.php\/wp-json\/wp\/v2\/posts\/5521\/revisions\/5534"}],"wp:featuredmedia":[{"embeddable":true,"href":"https:\/\/politicapatagonica.com\/index.php\/wp-json\/wp\/v2\/media\/5522"}],"wp:attachment":[{"href":"https:\/\/politicapatagonica.com\/index.php\/wp-json\/wp\/v2\/media?parent=5521"}],"wp:term":[{"taxonomy":"category","embeddable":true,"href":"https:\/\/politicapatagonica.com\/index.php\/wp-json\/wp\/v2\/categories?post=5521"},{"taxonomy":"post_tag","embeddable":true,"href":"https:\/\/politicapatagonica.com\/index.php\/wp-json\/wp\/v2\/tags?post=5521"}],"curies":[{"name":"wp","href":"https:\/\/api.w.org\/{rel}","templated":true}]}}