{"id":5512,"date":"2024-12-19T21:14:26","date_gmt":"2024-12-19T21:14:26","guid":{"rendered":"https:\/\/politicapatagonica.com\/?p=5512"},"modified":"2024-12-19T21:14:27","modified_gmt":"2024-12-19T21:14:27","slug":"juraron-los-nuevos-consejeros","status":"publish","type":"post","link":"https:\/\/politicapatagonica.com\/index.php\/2024\/12\/19\/juraron-los-nuevos-consejeros\/","title":{"rendered":"Juraron los nuevos Consejeros"},"content":{"rendered":"\n<p><br>En cumplimiento de lo dispuesto en el reglamento interno del cuerpo, ayer prestaron juramento como integrantes del Consejo de la Magistratura la jueza de la Corte Provincial Edith Cristiano; los legisladores Victoria Vuoto (PJ) y Federico Greve (FORJA); el Ministro Jefe de Gabinete Agust\u00edn Tita y los representantes de los Colegios de Abogados de Ushuaia y R\u00edo Grande, Santiago D\u00b4Angelo y Ver\u00f3nica Muchnick, lo que se sumaron al Fiscal de Estado, Virgilio Mart\u00ednez de Sucre.<\/p>\n\n\n\n<p>Tal lo prev\u00e9 la normativa vigente, la presidencia del \u00f3rgano constitucional ser\u00e1 ejercida por el miembro designado por el Supremo Tribunal de Justicia. Justamente a propuesta de la doctora Cristiano la elecci\u00f3n del vicepresidente del cuerpo y del fiscal acusador qued\u00f3 pendiente de definici\u00f3n hasta el martes 25 de febrero de 2025.<\/p>\n\n\n\n<p>De los 7 consejeros s\u00f3lo 2 debutan en el ejercicio de esta responsabilidad; la jueza Cristiano que reemplazo al juez Ernesto L\u00f6ffler, y la legisladora Vuoto que suplant\u00f3 al legislador Jorge Lechman (Somos Fueguinos). De los 5 restantes, el Fiscal de Estado es miembro permanente, en tanto que los 4 restantes fueron reconfirmados pro sus representados.<\/p>\n\n\n\n<p><strong>Fuente: www.eldiariodelfindelmundo.com<\/strong><\/p>\n","protected":false},"excerpt":{"rendered":"<p>En cumplimiento de lo dispuesto en el reglamento interno del cuerpo, ayer prestaron juramento como integrantes del Consejo de la Magistratura la jueza de la Corte Provincial Edith Cristiano; los legisladores Victoria Vuoto (PJ) y Federico Greve (FORJA); el Ministro Jefe de Gabinete Agust\u00edn Tita y los representantes de los Colegios de Abogados de Ushuaia [&hellip;]<\/p>\n","protected":false},"author":5,"featured_media":5513,"comment_status":"open","ping_status":"open","sticky":false,"template":"","format":"standard","meta":[],"categories":[11],"tags":[],"_links":{"self":[{"href":"https:\/\/politicapatagonica.com\/index.php\/wp-json\/wp\/v2\/posts\/5512"}],"collection":[{"href":"https:\/\/politicapatagonica.com\/index.php\/wp-json\/wp\/v2\/posts"}],"about":[{"href":"https:\/\/politicapatagonica.com\/index.php\/wp-json\/wp\/v2\/types\/post"}],"author":[{"embeddable":true,"href":"https:\/\/politicapatagonica.com\/index.php\/wp-json\/wp\/v2\/users\/5"}],"replies":[{"embeddable":true,"href":"https:\/\/politicapatagonica.com\/index.php\/wp-json\/wp\/v2\/comments?post=5512"}],"version-history":[{"count":1,"href":"https:\/\/politicapatagonica.com\/index.php\/wp-json\/wp\/v2\/posts\/5512\/revisions"}],"predecessor-version":[{"id":5514,"href":"https:\/\/politicapatagonica.com\/index.php\/wp-json\/wp\/v2\/posts\/5512\/revisions\/5514"}],"wp:featuredmedia":[{"embeddable":true,"href":"https:\/\/politicapatagonica.com\/index.php\/wp-json\/wp\/v2\/media\/5513"}],"wp:attachment":[{"href":"https:\/\/politicapatagonica.com\/index.php\/wp-json\/wp\/v2\/media?parent=5512"}],"wp:term":[{"taxonomy":"category","embeddable":true,"href":"https:\/\/politicapatagonica.com\/index.php\/wp-json\/wp\/v2\/categories?post=5512"},{"taxonomy":"post_tag","embeddable":true,"href":"https:\/\/politicapatagonica.com\/index.php\/wp-json\/wp\/v2\/tags?post=5512"}],"curies":[{"name":"wp","href":"https:\/\/api.w.org\/{rel}","templated":true}]}}