{"id":5509,"date":"2024-12-18T20:39:07","date_gmt":"2024-12-18T20:39:07","guid":{"rendered":"https:\/\/politicapatagonica.com\/?p=5509"},"modified":"2024-12-18T20:39:10","modified_gmt":"2024-12-18T20:39:10","slug":"jairo-guzman-milei-esta-logrando-los-cambios-y-santa-cruz-necesita-diputados-a-la-altura","status":"publish","type":"post","link":"https:\/\/politicapatagonica.com\/index.php\/2024\/12\/18\/jairo-guzman-milei-esta-logrando-los-cambios-y-santa-cruz-necesita-diputados-a-la-altura\/","title":{"rendered":"Jairo Guzm\u00e1n: &#8220;Milei est\u00e1 logrando los cambios y Santa Cruz necesita diputados a la altura&#8221;"},"content":{"rendered":"\n<p>En una extensa entrevista, Guzm\u00e1n no descart\u00f3 una futura candidatura a diputado nacional para 2025, destacando el crecimiento de su espacio pol\u00edtico y el impacto positivo que, seg\u00fan \u00e9l, est\u00e1n teniendo las pol\u00edticas libertarias en el pa\u00eds.<\/p>\n\n\n\n<p>\u201cEl 60% de los argentinos vot\u00f3 a Javier Milei y la mayor\u00eda no se siente defraudada. Est\u00e1n viendo resultados positivos, tanto econ\u00f3micos como sociales. Milei est\u00e1 logrando los cambios necesarios, y en Santa Cruz necesitamos diputados que representen al pueblo y no est\u00e9n de fiesta negociando intereses propios\u201d, afirm\u00f3 Guzm\u00e1n.<\/p>\n\n\n\n<p>Sobre las acusaciones en su contra por publicaciones en redes sociales quemando una bandera multicolor de la comunidad LGBTQ, Guzm\u00e1n se defendi\u00f3: \u201cEsto no es m\u00e1s que una persecuci\u00f3n pol\u00edtica e ideol\u00f3gica del kirchnerismo. Me denunciaron por expresar mis valores. Yo solo dije que en Argentina solo la celeste y blanca, y no creo que eso sea un delito\u201d.<\/p>\n\n\n\n<p>Asimismo, cuestion\u00f3 el uso de recursos p\u00fablicos para lo que considera prioridades equivocadas: \u201cNo estoy en contra de las libertades individuales, pero creo que el Estado no debe financiar secretar\u00edas como la de g\u00e9nero. Hay problemas mucho m\u00e1s importantes que resolver en la provincia y en el pa\u00eds\u201d.<\/p>\n\n\n\n<p>Guzm\u00e1n tambi\u00e9n se\u00f1al\u00f3 que, bajo la gesti\u00f3n de Milei, el pa\u00eds ha tomado decisiones trascendentales, como desvincularse de la Agenda 2030 y derogar normativas que, seg\u00fan \u00e9l, \u201cbeneficiaban injustamente a ciertos grupos\u201d.<\/p>\n\n\n\n<p>De cara al futuro pol\u00edtico, Guzm\u00e1n adelant\u00f3 que su espacio se prepara para disputar bancas en el Congreso el pr\u00f3ximo a\u00f1o. \u201cEstamos inaugurando locales en toda la provincia, fortaleciendo nuestra base y construyendo un proyecto que representa las ideas de la libertad. La sociedad est\u00e1 con nosotros, porque ve en Milei la esperanza de un cambio real\u201d.<\/p>\n\n\n\n<p><strong>Tema medicamentos<\/strong><\/p>\n\n\n\n<p>-Y bueno, yo les comentaba que el tema de los medicamentos se utiliz\u00f3 pol\u00edticamente para llevar intranquilidad a los jubilados. En realidad, no deja de ser una readecuaci\u00f3n que est\u00e1 haciendo el Estado. Se han sumado much\u00edsimos medicamentos de alto costo, oncol\u00f3gicos, a la prestaci\u00f3n de PAMI, y tambi\u00e9n se ha sumado la posibilidad de que las personas con discapacidad accedan a tener la obra social PAMI. En un contexto de una situaci\u00f3n econ\u00f3mica no favorable, como la que asumi\u00f3 este Gobierno, se est\u00e1n ampliando beneficios para los sectores de la sociedad que realmente lo necesitan.<\/p>\n\n\n\n<p>Se hizo esta readecuaci\u00f3n donde las personas que perciben un haber y medio m\u00ednimo pueden venir y solicitar la atenci\u00f3n necesaria para acceder al cien por ciento de los medicamentos. Desde el \u00e1rea de Coordinaci\u00f3n de Pol\u00edticas Sociales se realiza una evaluaci\u00f3n, y todas las personas que realmente lo necesiten, PAMI les cubre el 100% de los medicamentos. Ha venido much\u00edsima gente a hacer el tr\u00e1mite, y la gran mayor\u00eda lo ha podido hacer sin inconvenientes.<\/p>\n\n\n\n<p>Es cierto que muchos vinieron preocupados porque la desinformaci\u00f3n en algunos medios dec\u00eda que se les cortaba el medicamento, lo que gener\u00f3 preocupaci\u00f3n en la tercera edad, que no necesita este tipo de noticias. Pero al venir a las oficinas de PAMI, pudieron resolver la situaci\u00f3n y seguir teniendo el 100% de cobertura en la gran mayor\u00eda de los casos.<\/p>\n\n\n\n<p>Hay personas que, obviamente, tienen jubilaciones m\u00e1s altas y pueden costear los medicamentos, y en esos casos no se ha podido dar la cobertura porque, como vuelvo a decir, estamos priorizando la inclusi\u00f3n de medicamentos de alto costo, cuyo valor hoy en d\u00eda es muy elevado debido a los costos de salud y de los laboratorios. Adem\u00e1s, se ha sumado much\u00edsima gente con discapacidad a la obra social, lo cual tambi\u00e9n implica un costo importante. Por eso se est\u00e1n tomando diferentes medidas para poder cubrir las necesidades de todos los afiliados y, principalmente, de quienes m\u00e1s lo necesitan.<\/p>\n\n\n\n<p>Gracias a Dios, la gran mayor\u00eda de los afiliados que se han presentado han podido solucionar el tema de los medicamentos y se han ido con la cobertura del 100%.<\/p>\n\n\n\n<p><br><em>Radio Vanguardia: Ahora, la pregunta es: un salario de uno y medio, m\u00e1s o menos, representar\u00eda casi 400.000 pesos, \u00bfno? En el caso de que un jubilado cobre, no s\u00e9, 420.000 o 450.000 pesos, estamos viendo que es un salario sumamente bajo tambi\u00e9n para un jubilado. Digo, \u00bfqui\u00e9n define o eval\u00faa la situaci\u00f3n? \u00bfPuede fallar el sistema si un jubilado demuestra que no puede comprar los medicamentos?<\/em><\/p>\n\n\n\n<p><strong>J. Guzm\u00e1n<\/strong>: Es correcto. No es una medida inquebrantable. Es una medida que se eval\u00faa desde el \u00e1rea de Pol\u00edticas Sociales, donde un asistente social analiza la situaci\u00f3n particular de cada afiliado. Si el afiliado demuestra que no puede acceder a los medicamentos porque sus gastos y situaciones particulares no le permiten alcanzar la cobertura, se hace una evaluaci\u00f3n y se contempla el caso dependiendo de la situaci\u00f3n.<\/p>\n\n\n\n<p>Como le dije, la gran mayor\u00eda de los afiliados que vinieron a solicitar el beneficio pudieron conseguirlo.<\/p>\n\n\n\n<p><br><em>Radio Vanguardia: \u00bfcu\u00e1l es la situaci\u00f3n de la filial de Caleta Olivia? \u00bfEst\u00e1 ac\u00e9fala de alguna manera? \u00bfSe est\u00e1 pensando en alg\u00fan nombramiento o todav\u00eda no?<\/em><\/p>\n\n\n\n<p><br><strong>Jairo Guzm\u00e1n<\/strong>: S\u00ed, tuvimos bastante movimiento con el tema de los medicamentos, que es lo que habl\u00e1bamos reci\u00e9n, y algunas otras cuestiones que nos tuvieron ocupados estas \u00faltimas semanas. Ya estamos viendo c\u00f3mo resolver la situaci\u00f3n de la oficina de Caleta Olivia.<\/p>\n\n\n\n<p>Lo bueno es que este organismo tiene personas que trabajan hace muchos a\u00f1os, y son ellas las que realmente hacen funcionar a la instituci\u00f3n. Gracias a eso, los afiliados de todas las oficinas del interior est\u00e1n siendo atendidos con normalidad. La oficina de Caleta Olivia es muy importante para la zona norte y, hasta ahora, ha estado a la altura de las circunstancias. El personal de la obra social en esa oficina es muy eficiente y realmente da todo por los afiliados, resolviendo cada problema e inquietud que se presenta.<\/p>\n\n\n\n<p>Seguramente, el tema de la jefatura se solucionar\u00e1 en los pr\u00f3ximos d\u00edas o semanas, pero lo m\u00e1s importante es llevar tranquilidad a los afiliados. No van a tener ning\u00fan tipo de inconveniente, y cualquier situaci\u00f3n relacionada con la prestaci\u00f3n de la obra social se puede resolver sin problemas en cualquier oficina, especialmente en la de Caleta Olivia.<\/p>\n\n\n\n<p><strong>Fuente: www.tiemposur.com.ar<\/strong><\/p>\n","protected":false},"excerpt":{"rendered":"<p>En una extensa entrevista, Guzm\u00e1n no descart\u00f3 una futura candidatura a diputado nacional para 2025, destacando el crecimiento de su espacio pol\u00edtico y el impacto positivo que, seg\u00fan \u00e9l, est\u00e1n teniendo las pol\u00edticas libertarias en el pa\u00eds. \u201cEl 60% de los argentinos vot\u00f3 a Javier Milei y la mayor\u00eda no se siente defraudada. Est\u00e1n viendo [&hellip;]<\/p>\n","protected":false},"author":5,"featured_media":5510,"comment_status":"open","ping_status":"open","sticky":false,"template":"","format":"standard","meta":[],"categories":[8],"tags":[],"_links":{"self":[{"href":"https:\/\/politicapatagonica.com\/index.php\/wp-json\/wp\/v2\/posts\/5509"}],"collection":[{"href":"https:\/\/politicapatagonica.com\/index.php\/wp-json\/wp\/v2\/posts"}],"about":[{"href":"https:\/\/politicapatagonica.com\/index.php\/wp-json\/wp\/v2\/types\/post"}],"author":[{"embeddable":true,"href":"https:\/\/politicapatagonica.com\/index.php\/wp-json\/wp\/v2\/users\/5"}],"replies":[{"embeddable":true,"href":"https:\/\/politicapatagonica.com\/index.php\/wp-json\/wp\/v2\/comments?post=5509"}],"version-history":[{"count":1,"href":"https:\/\/politicapatagonica.com\/index.php\/wp-json\/wp\/v2\/posts\/5509\/revisions"}],"predecessor-version":[{"id":5511,"href":"https:\/\/politicapatagonica.com\/index.php\/wp-json\/wp\/v2\/posts\/5509\/revisions\/5511"}],"wp:featuredmedia":[{"embeddable":true,"href":"https:\/\/politicapatagonica.com\/index.php\/wp-json\/wp\/v2\/media\/5510"}],"wp:attachment":[{"href":"https:\/\/politicapatagonica.com\/index.php\/wp-json\/wp\/v2\/media?parent=5509"}],"wp:term":[{"taxonomy":"category","embeddable":true,"href":"https:\/\/politicapatagonica.com\/index.php\/wp-json\/wp\/v2\/categories?post=5509"},{"taxonomy":"post_tag","embeddable":true,"href":"https:\/\/politicapatagonica.com\/index.php\/wp-json\/wp\/v2\/tags?post=5509"}],"curies":[{"name":"wp","href":"https:\/\/api.w.org\/{rel}","templated":true}]}}