{"id":5503,"date":"2024-12-18T19:05:51","date_gmt":"2024-12-18T19:05:51","guid":{"rendered":"https:\/\/politicapatagonica.com\/?p=5503"},"modified":"2024-12-20T11:06:09","modified_gmt":"2024-12-20T11:06:09","slug":"reforma-electoral-en-rio-negro-habra-ficha-limpia","status":"publish","type":"post","link":"https:\/\/politicapatagonica.com\/index.php\/2024\/12\/18\/reforma-electoral-en-rio-negro-habra-ficha-limpia\/","title":{"rendered":"Reforma electoral: los legisladores de R\u00edo Negro aprobaron la ley de Ficha Limpia"},"content":{"rendered":"\n<p>En sesi\u00f3n extraordinaria, <strong>la Legislatura de R\u00edo Negro sancion\u00f3, por mayor\u00eda, la ley de Ficha Limpia. Su objetivo es garantizar que las personas condenadas por delitos dolosos con sentencia judicial en segunda instancia no puedan ser candidatas a cargos p\u00fablicos electivos, ni ser designados para ejercer cargos partidarios.<\/strong><\/p>\n\n\n\n<p>Durante el debate, el oficialismo -impulsor de la iniciativa- acept\u00f3 sumar al Poder Ejecutivo. Es decir, que para ser designado como funcionario (adem\u00e1s de los l\u00edmites que impone la Ley de \u00c9tica P\u00fablica) tambi\u00e9n se tendr\u00e1 en cuenta la nueva legislaci\u00f3n. <strong>El texto sancionado, invita a los municipios y al Poder Judicial a adherir.<\/strong><\/p>\n\n\n\n<p><strong>La ley fue aprobada con 36 votos positivos y 5 negativos. Hubieron cinco legisladores ausentes.<\/strong><\/p>\n\n\n\n<p>Lucas Pica fue el miembro informante del proyecto del Ejecutivo. Explic\u00f3 que la iniciativa viene a dar &#8220;un verdadero shock de confianza&#8221; en un contexto de crisis de representatividad en todos los sectores de la sociedad. &#8220;Con este proyecto el Gobernador <strong>Weretilneck est\u00e1 solicitando que haya consenso para bloquear la oferta electoral para que solamente puedan saltar la tranquera y puedan formar parte de ese sector de la oferta electoral, los mejores hombres y mujeres<\/strong>&#8220;, indic\u00f3.<\/p>\n\n\n\n<p>\u201cNosotros planteamos que aquel que ha cometido un delito, tiene ratificada una condena por la doble instancia, garantizando el doble conforme, no puede ser candidato\u201d, fundament\u00f3.<strong> &#8220;Estamos convencidos que con esto blindamos a los rionegrinos. Al reglamentar un derecho pol\u00edtico pasivo, como es tener la posibilidad de ser candidato, estamos reglamentando el art\u00edculo 16 de la Constituci\u00f3n Nacional que establece que solamente los id\u00f3neos pueden ocupar cargos p\u00fablicos&#8221;, agreg\u00f3.<\/strong><\/p>\n\n\n\n<p>Por el bloque de la Uni\u00f3n C\u00edvica Radical, Lorena Matzen apoy\u00f3 la propuesta. Destac\u00f3 que es un proyecto que no nace de la pol\u00edtica, sino que la pol\u00edtica tom\u00f3 una iniciativa ciudadana y la hizo propia.<strong> \u201cQue hoy aprobemos \u2018ficha limpia\u2019 es defender la democracia . Representa los valores y la necesidad de saldar una deuda con la ciudadan\u00eda\u201d,<\/strong> consider\u00f3 La legisladora agradeci\u00f3 la decisi\u00f3n pol\u00edtica del gobernador Weretilneck para que este tema se est\u00e9 debatiendo en el recinto y destac\u00f3 el trabajo realizado en R\u00edo Negro por j\u00f3venes de la Uni\u00f3n C\u00edvica Radical que hicieron que alrededor de 20 municipios cuenten con ficha limpia. \u201c<strong>Es un gran d\u00eda para R\u00edo Negro<\/strong>, que nos permite trazar un punto de inflexi\u00f3n para recuperar la confianza de la gente en la representaci\u00f3n pol\u00edtica\u201d, expres\u00f3.<\/p>\n\n\n\n<p>En el mismo sentido, su compa\u00f1ero de bancada,<strong> Ariel Bernatene, manifest\u00f3 que el proyecto &#8220;responde a una demanda urgente para garantizar la transparencia y la \u00e9tica en la funci\u00f3n p\u00fablica&#8221;.<\/strong> Asegur\u00f3 que la propuesta tiene que ver con reivindicar los valores \u00e9ticos: \u201cEs un est\u00e1ndar que ha demostrado su efectividad en otras provincias del pa\u00eds. Es una herramienta concreta para evitar que personas condenadas por delitos ejerzan roles de liderazgo en los partidos pol\u00edticos y en la pol\u00edtica\u201d.<\/p>\n\n\n\n<p><strong>Mar\u00eda Laura Frei, del bloque Pro Uni\u00f3n Republicana, tambi\u00e9n vot\u00f3 a favor, aunque consider\u00f3 que se trata de \u201cun enfoque m\u00e1s oportunista que sincero, aprovechando el viento de cola del Gobierno nacional\u201d. \u201cDefendemos \u00abficha limpia\u00bb porque creemos en una pol\u00edtica transparente,<\/strong> no porque sea conveniente sino porque es lo correcto. Los rionegrinos merecen sinceridad, compromiso, no decisiones tomadas seg\u00fan el momento pol\u00edtico\u201d, aclar\u00f3.<\/p>\n\n\n\n<p>Por el mismo bloque, Santiago Ibarrolaza coincidi\u00f3 con Lucas Pica en que \u201cno puede ser m\u00e1s importante el proceso que la sustancial de la pol\u00edtica, que necesita de dirigentes decentes, honestos, que creen que la pol\u00edtica es la mejor herramienta de transformaci\u00f3n para la vida de los rionegrinos\u201d. \u201cEsa din\u00e1mica en la que ha entrado la pol\u00edtica argentina en la cual empezamos con garantismos que no tienen sentido, y que son sinsentidos, han hecho que la sociedad termine enojada con la pol\u00edtica\u201d, indic\u00f3. <strong>\u201cHay que buscar sistemas pol\u00edticos de auto depuraci\u00f3n, porque si los que estamos en la pol\u00edtica no nos auto depuramos termina pasando lo que pas\u00f3 en la \u00faltima elecci\u00f3n: la que nos depura es la sociedad, a trav\u00e9s del voto\u201d,<\/strong> observ\u00f3. Aunque celebr\u00f3 la decisi\u00f3n del Gobierno provincial de tratar el tema, tambi\u00e9n plante\u00f3 dudas sobre la conveniencia de su tratamiento y por otro lado sobre el \u00abcontenido ideol\u00f3gico de c\u00f3mo ha gobernado Juntos Somos R\u00edo Negro durante estos a\u00f1os\u00bb.<\/p>\n\n\n\n<p>Del mismo bloque,<strong> Juan Murillo expres\u00f3: \u201cCelebramos que \u2018ficha limpia\u2019 haya llegado a este recinto, pero no podemos dejar de lamentar que esta herramienta que encarna los valores m\u00e1s b\u00e1sicos de la transparencia y la \u00e9tica haya tenido que transitar con tanta resistencia<\/strong>&#8220;. Asegur\u00f3 que &#8220;ficha limpia\u2019 es una luz que da mucha esperanza, y va a hacer que mucha m\u00e1s gente asuma el compromiso de querer participar y querer ser responsable de la transformaci\u00f3n no solo de nuestra provincia sino de todo nuestro pa\u00eds&#8221;.<\/p>\n\n\n\n<p>El presidente de la bancada, Juan Mart\u00edn, cerr\u00f3 la posici\u00f3n del bloque concluyendo: &#8220;Hoy, valores y convicciones le van a ganar al oportunismo y a la impunidad. Hoy vamos a hacer historia en R\u00edo Negro. Hoy \u2018ficha limpia\u2019 va a ser ley, pero sepan que esto reci\u00e9n empieza&#8221;.<\/p>\n\n\n\n<p>Por el bloque Primero R\u00edo Negro, Elba Mansilla, destac\u00f3 la iniciativa del Ejecutivo. Manifest\u00f3 la coincidencia de su bloque con el esp\u00edritu del proyecto, neg\u00f3 que el proyecto sea inconstitucional y que no respete el debido proceso.<strong> \u201cLa Corte no tiene plazos, entonces pedir que la condena quede firme a trav\u00e9s de la Suprema Corte de la Naci\u00f3n, es pedir que nunca se expida, as\u00ed que me parece perfecto que tengamos ese doble conforme que ya ven\u00edamos aplicando en la provincia\u201d, f<\/strong>undament\u00f3.<\/p>\n\n\n\n<p>Roberta Scavo, del bloque de la Coalici\u00f3n C\u00edvica Ari \u2013 Cambiemos, destac\u00f3 que \u201ceste proyecto viene a fomentar la transparencia institucional, es un reclamo \u00e9tico de la sociedad y me parece trascendental que lo estemos escuchando\u201d. Asegur\u00f3 que <strong>\u201clos delitos de corrupci\u00f3n que se producen generan un da\u00f1o estructural y productivo al pa\u00eds, atentan contra el sistema democr\u00e1tico porque perdemos la confianza, la credibilidad\u201d<\/strong>. \u201cCon este proyecto se acaba la impunidad, que en Argentina es muy poderosa -expres\u00f3-. Necesitamos que este tipo de leyes lleguen y se hagan realidad, porque la Argentina tiene un problema end\u00e9mico con la corrupci\u00f3n, y \u00e9sta es una manera de decirle \u2018basta\u2019\u201d.<\/p>\n\n\n\n<p>El presidente del bloque, Javier Acevedo, cuestion\u00f3 si es necesario que la Corte Suprema de Justicia tenga que dictaminar sentencia firme cuando muchos hombres y mujeres de menor condici\u00f3n est\u00e1n presos con solo una condena y por delitos mucho menos graves. &#8220;Lo que sucede ac\u00e1 es que el corrupto quiere ganar tiempo, y en especial, evadir el castigo. De esa forma, se presenta en las elecciones, se acomoda en un cargo legislativo, y a partir de ah\u00ed se esconde tras los fueros y\u2026 siga la fiesta. Debemos legislar para tratar de recuperar la credibilidad y la confianza de todos los ciudadanos, en especial, de los j\u00f3venes, muchos descre\u00eddos de la pol\u00edtica, esc\u00e9pticos&#8221;, se\u00f1al\u00f3. <strong>&#8220;Lo \u00fanico que dice este proyecto de ley es que, de ahora en m\u00e1s, los ladrones, los abusadores, los narcos, los lavadores de dinero, los contrabandistas de divisas, los golpeadores de mujeres, condenados en dos instancia por la Justicia, no podr\u00e1n ser candidatos en nuestra provincia. Nada m\u00e1s, y nada menos&#8221;, concluy\u00f3.<\/strong><\/p>\n\n\n\n<p>La oposici\u00f3n al proyecto vino por el lado del bloque Vamos con Todos. Magdalena Odarda asegur\u00f3 que el proyecto viola la Constituci\u00f3n Nacional y las garant\u00edas establecidas en las convenciones y convenios internacionales. En particular, se refiri\u00f3 a la &#8220;violaci\u00f3n&#8221; del estado de inocencia, que constituye una de las m\u00e1ximas garant\u00edas del imputado en el proceso penal, y al principio de cosa juzgada, que se obtiene con una sentencia de la Corte Suprema de Justicia de la Naci\u00f3n.<strong> &#8220;Nosotros entendemos que un proyecto de esta naturaleza, en este momento hist\u00f3rico del pa\u00eds y de la provincia, puede ser entendido como una herramienta de proscripci\u00f3n pol\u00edtica&#8221;.<\/strong><\/p>\n\n\n\n<p><strong>Por el mismo bloque, Jos\u00e9 Luis Berros bas\u00f3 su rechazo en cr\u00edticas a exfuncionarios provinciales y hacia la independencia, imparcialidad e idoneidad de la Justicia de R\u00edo Negro.<\/strong><\/p>\n\n\n\n<p>En disidencia de su bloque, <strong>Luciano Delgado Semp\u00e9 acompa\u00f1\u00f3 el proyecto. Justific\u00f3 que la &#8220;gente pide a gritos en las calles la honestidad y la transparencia en la pol\u00edtica&#8221;<\/strong>. &#8220;No puedo dejar de o\u00edr a los vecinos que nos piden este gesto de transparencia, de honestidad&#8221;, expres\u00f3. &#8220;Por supuesto que estoy de acuerdo que nadie tenga antecedentes penales, que la sociedad nos pide a gritos honestidad, pero en todo el sistema pol\u00edtico&#8221;, agreg\u00f3. \u201cLo voy a acompa\u00f1ar en honor a mis padres, a mi hija, a mi esposa, a la familia que me ha criado con principios y valores, y porque creo que es la manera de mejorar la democracia. No obstante, propuso al oficialismo mejorar la Justicia: &#8220;Tiene que haber una Justicia independiente, que no sea permeable&#8221;, remarc\u00f3.<\/p>\n\n\n\n<p><strong>Ana Marks, del PJ Nuevo Encuentro, tambi\u00e9n vot\u00f3 en contra<\/strong>. Consider\u00f3 que &#8220;generar leyes que violan la Constituci\u00f3n Nacional, que van contra un principio tan importante como el de la presunci\u00f3n de inocencia, nos pone a\u00fan en el riesgo de generar y promover una mayor legitimidad y legitimaci\u00f3n de los roles que hoy nos toca ocupar&#8221;. <strong>Plante\u00f3 su preocupaci\u00f3n por una posible proscripci\u00f3n: &#8220;Generar inhabilitaciones a personas que no tienen sentencia firme y que a\u00fan le restan instancia de apelaci\u00f3n puede ser una herramienta muy peligrosa, no para nadie en particular, sino para la democracia en general&#8221;.<\/strong><\/p>\n\n\n\n<p>Cerr\u00f3 el debate el presidente del bloque oficialista, <strong>Facundo L\u00f3pez, quien asegur\u00f3 que &#8220;el proyecto del Gobernador es superador, porque no nos quedamos en el detalle del delito contra la administraci\u00f3n p\u00fablica y fuimos por todo&#8221;.<\/strong> Remarc\u00f3 que el Gobierno de Juntos Somos R\u00edo Negro no tiene ning\u00fan funcionario que incumpla esta ley, que haya cometido ning\u00fan delito doloso, ni denunciado ni procesado ni condenado en primera o segunda instancia. Con respecto a los cuestionamientos de inconstitucionalidad hechos por la oposici\u00f3n, respondi\u00f3: <strong>&#8220;Todo es inconstitucional para aquel que no le gusta lo que las mayor\u00edas definen; todos los problemas arrancan en Londres y llegan al recinto; todos los problemas est\u00e1n en el Poder Judicial&#8221;<\/strong>, observ\u00f3.<\/p>\n\n\n\n<p>&#8220;Para algunos la Corte Suprema de Justicia de la Naci\u00f3n, o el Superior Tribunal de Justicia, es buena cuando la sentencia nos favorece; ahora, es mala cuando la sentencia no nos gusta. Nosotros no nos definimos por un lado o por otro seg\u00fan la sentencia&#8221;, aclar\u00f3. Adem\u00e1s, aclar\u00f3 que &#8220;nadie est\u00e1 proscribiendo a nadie, lo que no hay que hacer es cometer delitos\u201d. Descart\u00f3 que haya odio desde su espacio hacia ning\u00fan sector: <strong>&#8220;Lo que s\u00ed hay es respeto por la ley, por la democracia, el federalismo y la divisi\u00f3n de Poderes. Ojal\u00e1 todos los que hacemos pol\u00edtica entendamos a la sociedad y no nos sigamos alejando. Yo creo en la pol\u00edtica, es el \u00fanico camino que hay para el desarrollo y crecimiento, concluy\u00f3.<\/strong><\/p>\n\n\n\n<p><strong>Fuente: www.adnrionegro.com.ar<\/strong><\/p>\n","protected":false},"excerpt":{"rendered":"<p>En sesi\u00f3n extraordinaria, la Legislatura de R\u00edo Negro sancion\u00f3, por mayor\u00eda, la ley de Ficha Limpia. Su objetivo es garantizar que las personas condenadas por delitos dolosos con sentencia judicial en segunda instancia no puedan ser candidatas a cargos p\u00fablicos electivos, ni ser designados para ejercer cargos partidarios. Durante el debate, el oficialismo -impulsor de [&hellip;]<\/p>\n","protected":false},"author":5,"featured_media":5504,"comment_status":"open","ping_status":"open","sticky":false,"template":"","format":"standard","meta":[],"categories":[13],"tags":[],"_links":{"self":[{"href":"https:\/\/politicapatagonica.com\/index.php\/wp-json\/wp\/v2\/posts\/5503"}],"collection":[{"href":"https:\/\/politicapatagonica.com\/index.php\/wp-json\/wp\/v2\/posts"}],"about":[{"href":"https:\/\/politicapatagonica.com\/index.php\/wp-json\/wp\/v2\/types\/post"}],"author":[{"embeddable":true,"href":"https:\/\/politicapatagonica.com\/index.php\/wp-json\/wp\/v2\/users\/5"}],"replies":[{"embeddable":true,"href":"https:\/\/politicapatagonica.com\/index.php\/wp-json\/wp\/v2\/comments?post=5503"}],"version-history":[{"count":4,"href":"https:\/\/politicapatagonica.com\/index.php\/wp-json\/wp\/v2\/posts\/5503\/revisions"}],"predecessor-version":[{"id":5531,"href":"https:\/\/politicapatagonica.com\/index.php\/wp-json\/wp\/v2\/posts\/5503\/revisions\/5531"}],"wp:featuredmedia":[{"embeddable":true,"href":"https:\/\/politicapatagonica.com\/index.php\/wp-json\/wp\/v2\/media\/5504"}],"wp:attachment":[{"href":"https:\/\/politicapatagonica.com\/index.php\/wp-json\/wp\/v2\/media?parent=5503"}],"wp:term":[{"taxonomy":"category","embeddable":true,"href":"https:\/\/politicapatagonica.com\/index.php\/wp-json\/wp\/v2\/categories?post=5503"},{"taxonomy":"post_tag","embeddable":true,"href":"https:\/\/politicapatagonica.com\/index.php\/wp-json\/wp\/v2\/tags?post=5503"}],"curies":[{"name":"wp","href":"https:\/\/api.w.org\/{rel}","templated":true}]}}