{"id":5499,"date":"2024-12-17T22:54:52","date_gmt":"2024-12-17T22:54:52","guid":{"rendered":"https:\/\/politicapatagonica.com\/?p=5499"},"modified":"2024-12-20T11:02:59","modified_gmt":"2024-12-20T11:02:59","slug":"melella-defendio-a-aerolineas-argentinas","status":"publish","type":"post","link":"https:\/\/politicapatagonica.com\/index.php\/2024\/12\/17\/melella-defendio-a-aerolineas-argentinas\/","title":{"rendered":"El gobernador de Tierra del Fuego sali\u00f3 a defender Aerol\u00edneas Argentinas y que quede en manos de la provincia de Buenos Aires"},"content":{"rendered":"\n<p><strong>Durante un encuentro que mantuvo con representantes de gremios del sector aeron\u00e1utico, el gobernador Gustavo Melella<\/strong> se pronunci\u00f3 en defensa de Aerol\u00edneas Argentinas y la conectividad de Tierra del Fuego. Desde <strong>el sector sindical se agradeci\u00f3 el apoyo de Melella al proyecto del gobernador bonaerense, Axel Kicillof, que plantea una especie de provincializaci\u00f3n de la l\u00ednea de bandera.<\/strong><\/p>\n\n\n\n<p><strong>\u201cAerol\u00edneas Argentinas fue clave durante la pandemia. Tierra del Fuego, siendo la \u00fanica provincia insular, no qued\u00f3 aislada gracias a su labor. Recibimos medicamentos, equipos m\u00e9dicos, insumos y tratamientos. Es, muchas veces, nuestra \u00fanica conexi\u00f3n r\u00e1pida con el resto del pa\u00eds\u201d, record\u00f3 Melella <\/strong>el viernes pasado ante los representantes de la Asociaci\u00f3n de Aeronavegantes, la Asociaci\u00f3n del Personal Aeron\u00e1utico (APA) y la Asociaci\u00f3n de Pilotos de L\u00edneas A\u00e9reas (APLA) que recibi\u00f3 en Casa de Gobierno.<br>El mandatario tambi\u00e9n <strong>expres\u00f3 su rechazo a las pol\u00edticas de privatizaci\u00f3n, calificando como \u201cuna mala experiencia\u201d las de a\u00f1os anteriores. Adem\u00e1s, manifest\u00f3 su preocupaci\u00f3n por el anunciado cierre de la oficina de Aerol\u00edneas Argentinas en Ushuaia. <\/strong>\u201cEsta ciudad tiene un gran movimiento tur\u00edstico, tanto nacional como internacional. Cerrar la agencia no es un buen mensaje para el turismo\u201d, subray\u00f3.<br>Luego del encuentro con el Gobernador,<strong> Horacio Calculi, secretario de Salud y Seguridad Laboral de la Confederaci\u00f3n Argentina del Transporte y representante de los tripulantes de cabina de Aerol\u00edneas Argentinas, agradeci\u00f3 el respaldo del Mandatario<\/strong> y asegur\u00f3 que \u201cnos manifest\u00f3 su acompa\u00f1amiento al proyecto del Gobernador Axel Kicillof sobre la posibilidad de que las provincias participen en los destinos de nuestra aerol\u00ednea de bandera\u201d.<br>Calculi tambi\u00e9n advirti\u00f3 sobre el inminente cierre de la agencia territorial de Aerol\u00edneas Argentinas en Ushuaia previsto para el 20 de diciembre venidero y sus consecuencias.<br>Por su parte,<strong> Juan Pablo Armanino, prosecretario del Interior de APA, destac\u00f3 la importancia de mantener las operaciones de Aerol\u00edneas Argentinas en Tierra del Fuego<\/strong>. \u201cEl cierre de la agencia en Ushuaia implica una gran p\u00e9rdida para la provincia, tanto a nivel de ventas como de conectividad\u201d, se\u00f1al\u00f3.<br>Armanino agradeci\u00f3 tambi\u00e9n el apoyo del Gobernador y <strong>remarc\u00f3 que el objetivo de los gremios es dise\u00f1ar un plan en el que las provincias sean copropietarias de la aerol\u00ednea de bandera<\/strong>. \u201cEs una forma de defender el patrimonio, la conectividad y las necesidades espec\u00edficas de lugares como Tierra del Fuego. No se trata solo de que los fueguinos puedan viajar, sino de garantizar una mayor interconexi\u00f3n entre provincias sin depender exclusivamente de Buenos Aires\u201d, explic\u00f3.<\/p>\n\n\n\n<p><strong>Fuente: www.eldiariodelfindelmundo.com<\/strong><\/p>\n","protected":false},"excerpt":{"rendered":"<p>Durante un encuentro que mantuvo con representantes de gremios del sector aeron\u00e1utico, el gobernador Gustavo Melella se pronunci\u00f3 en defensa de Aerol\u00edneas Argentinas y la conectividad de Tierra del Fuego. Desde el sector sindical se agradeci\u00f3 el apoyo de Melella al proyecto del gobernador bonaerense, Axel Kicillof, que plantea una especie de provincializaci\u00f3n de la [&hellip;]<\/p>\n","protected":false},"author":5,"featured_media":5500,"comment_status":"open","ping_status":"open","sticky":false,"template":"","format":"standard","meta":[],"categories":[11],"tags":[],"_links":{"self":[{"href":"https:\/\/politicapatagonica.com\/index.php\/wp-json\/wp\/v2\/posts\/5499"}],"collection":[{"href":"https:\/\/politicapatagonica.com\/index.php\/wp-json\/wp\/v2\/posts"}],"about":[{"href":"https:\/\/politicapatagonica.com\/index.php\/wp-json\/wp\/v2\/types\/post"}],"author":[{"embeddable":true,"href":"https:\/\/politicapatagonica.com\/index.php\/wp-json\/wp\/v2\/users\/5"}],"replies":[{"embeddable":true,"href":"https:\/\/politicapatagonica.com\/index.php\/wp-json\/wp\/v2\/comments?post=5499"}],"version-history":[{"count":2,"href":"https:\/\/politicapatagonica.com\/index.php\/wp-json\/wp\/v2\/posts\/5499\/revisions"}],"predecessor-version":[{"id":5527,"href":"https:\/\/politicapatagonica.com\/index.php\/wp-json\/wp\/v2\/posts\/5499\/revisions\/5527"}],"wp:featuredmedia":[{"embeddable":true,"href":"https:\/\/politicapatagonica.com\/index.php\/wp-json\/wp\/v2\/media\/5500"}],"wp:attachment":[{"href":"https:\/\/politicapatagonica.com\/index.php\/wp-json\/wp\/v2\/media?parent=5499"}],"wp:term":[{"taxonomy":"category","embeddable":true,"href":"https:\/\/politicapatagonica.com\/index.php\/wp-json\/wp\/v2\/categories?post=5499"},{"taxonomy":"post_tag","embeddable":true,"href":"https:\/\/politicapatagonica.com\/index.php\/wp-json\/wp\/v2\/tags?post=5499"}],"curies":[{"name":"wp","href":"https:\/\/api.w.org\/{rel}","templated":true}]}}