{"id":5496,"date":"2024-12-17T22:49:48","date_gmt":"2024-12-17T22:49:48","guid":{"rendered":"https:\/\/politicapatagonica.com\/?p=5496"},"modified":"2024-12-20T10:58:45","modified_gmt":"2024-12-20T10:58:45","slug":"presupuesto-en-pico-confirman-fuerte-inversion-en-tecnologia-para-seguridad-vial","status":"publish","type":"post","link":"https:\/\/politicapatagonica.com\/index.php\/2024\/12\/17\/presupuesto-en-pico-confirman-fuerte-inversion-en-tecnologia-para-seguridad-vial\/","title":{"rendered":"Presupuesto en General Pico: confirman &#8220;fuerte inversi\u00f3n&#8221; en tecnolog\u00eda para seguridad vial"},"content":{"rendered":"\n<p><strong>En el Concejo Deliberante de General Pico continuaron las reuniones con funcionarios municipales por el Presupuesto 2025<\/strong>. La Secretar\u00eda de Gobierno expuso en primer t\u00e9rmino y confirm\u00f3 una fuerte inversi\u00f3n en tecnolog\u00eda para abordar la seguridad vial. Luego brindaron su informe los funcionarios de la Secretar\u00eda de Coordinaci\u00f3n de Intendencia, que incluye varias \u00e1reas administrativas con un <strong>gasto total cercano al 5% de presupuesto total.<\/strong><\/p>\n\n\n\n<p><strong>El secretario de Gobierno, Nicol\u00e1s Mendoza, inform\u00f3 al cuerpo legislativo que el presupuesto para el pr\u00f3ximo a\u00f1o ser\u00e1 de $9.535.589.590. La Secretar\u00eda absorbe el 23% del personal de planta permanente del municipio, incluyendo al personal del Concejo Deliberante, el 13.5% de los contratados con aporte, tambi\u00e9n incluyendo a dicho organismos y ocho funcionarios.<\/strong><\/p>\n\n\n\n<p>En el informe se destac\u00f3 tambi\u00e9n un aumento del <strong>260% en bienes de capital y una suba de 307% para servicios no personales<\/strong>, entre otros \u00edtems.<\/p>\n\n\n\n<p>Acompa\u00f1aron a Mendoza en la exposici\u00f3n el director de Prevenci\u00f3n y Seguridad Ciudadana, Cristian Viola; la directora de Recursos Humanos, Andrea Bustos; el director de Gesti\u00f3n Cultural, Mat\u00edas Rach; el director de Participaci\u00f3n Ciudadana y Relaciones Institucionales, Alejandro G\u00f3mez Somoza; la directora de Educaci\u00f3n, Gabriela Ram\u00edrez; la directora de Deporte, Mariela Lera y el director de Juventud, Mat\u00edas Alan\u00eds.<\/p>\n\n\n\n<p><strong>Administraci\u00f3n<\/strong><\/p>\n\n\n\n<p>En di\u00e1logo con los medios locales, Mendoza coment\u00f3 que<strong> &#8220;la inflaci\u00f3n que se registr\u00f3 en la primera mitad del a\u00f1o hizo que tuvi\u00e9ramos que reestructurar las partidas presupuestarias, puntualmente para la contrataci\u00f3n de servicios de terceros. Gracias a una administraci\u00f3n prolija no se requiri\u00f3 un incremento presupuestario para ello, sino solo su reestructuraci\u00f3n&#8221;.<\/strong><\/p>\n\n\n\n<p>En relaci\u00f3n al tr\u00e1nsito, expres\u00f3 que &#8220;el reordenamiento y la promoci\u00f3n de la seguridad vial son los grandes lineamientos que tenemos. En ese sentido, habr\u00e1 una fuerte inversi\u00f3n en lo que tiene que ver con los bienes de capital vinculados a la utilizaci\u00f3n de la tecnolog\u00eda en la tem\u00e1tica&#8221;.<\/p>\n\n\n\n<p><strong>Mendoza remarc\u00f3 la necesidad de fortalecer &#8220;los valores de cuidado que tenemos que tener entre todos, no s\u00f3lo desde el Estado, sino tambi\u00e9n desde la poblaci\u00f3n&#8221;.<\/strong> Y agreg\u00f3 en esa l\u00ednea &#8220;uno de los ejes del Gobierno es el buen vivir, promoviendo un Pico m\u00e1s amigable y seguro, por ende, este tema es fundamental para ello&#8221;.<\/p>\n\n\n\n<p>Por \u00faltimo, destac\u00f3 &#8220;la partida de servicios no personales para seguir continuando una pol\u00edtica que viene de a\u00f1os anteriores, como los talleres de la Municipalidad, entre los que se encuentran los deportivos, culturales, juveniles, educativos y art\u00edsticos, entre otros. Esto construye sentido de comunidad&#8221;.<\/p>\n\n\n\n<p><strong>Coordinaci\u00f3n<\/strong><\/p>\n\n\n\n<p>Culminada la reuni\u00f3n con Gobierno, ingresaron a la sala de sesiones los funcionarios de las diversas \u00e1reas que integran la Secretar\u00eda de Coordinaci\u00f3n, comandada por <strong>Edgardo Privitera<\/strong>, para <strong>exhibir su planificaci\u00f3n econ\u00f3mica para el a\u00f1o 2025<\/strong>.<\/p>\n\n\n\n<p>En principio, se comunic\u00f3 a los ediles el organigrama que compone esta secretar\u00eda, el cual incluye a la Direcci\u00f3n de Planificaci\u00f3n, la Direcci\u00f3n de Comunicaciones, la Direcci\u00f3n de Asuntos Legales, la Direcci\u00f3n de Gesti\u00f3n y Articulaci\u00f3n y la de Modernizaci\u00f3n e Innovaci\u00f3n Tecnol\u00f3gica. Se suman el Departamento de Ceremonial y Protocolo y, a los efectos presupuestarios, el Tribunal de Faltas est\u00e1 incluido tambi\u00e9n, ya que su parte administrativa conlleva la directa relaci\u00f3n con la intendencia.<\/p>\n\n\n\n<p><strong>Seguidamente se inform\u00f3 que el presupuesto para el sector asciende a $2.237.662.198, lo que representa el 4,79% del presupuesto municipal total, ya que esta se define como un \u00e1rea administrativa, de articulaci\u00f3n y comunicaci\u00f3n de las actividades que realiza el municipio en toda su amplitud.<\/strong><\/p>\n\n\n\n<p>Junto a Edgardo Privitera estuvieron el director de Asuntos Legales, Fabricio Baffini; la directora de Comunicaciones, Roc\u00edo Gonz\u00e1lez; la directora de Modernizaci\u00f3n e Innovaci\u00f3n Tecnol\u00f3gica, Macarena B\u00e9rtola; el coordinador de Dise\u00f1o Comunicacional, Guillermo Bonessi; el juez de Faltas, Eduardo Lettieri; la secretaria de Comercio del Tribunal de Faltas, Soledad Morales y el jefe de Protocolo y Ceremonial, Ra\u00fal Nievas.<\/p>\n\n\n\n<p><strong>Fuente: www.eldiariodelapampa.com.ar<\/strong><\/p>\n","protected":false},"excerpt":{"rendered":"<p>En el Concejo Deliberante de General Pico continuaron las reuniones con funcionarios municipales por el Presupuesto 2025. La Secretar\u00eda de Gobierno expuso en primer t\u00e9rmino y confirm\u00f3 una fuerte inversi\u00f3n en tecnolog\u00eda para abordar la seguridad vial. Luego brindaron su informe los funcionarios de la Secretar\u00eda de Coordinaci\u00f3n de Intendencia, que incluye varias \u00e1reas administrativas [&hellip;]<\/p>\n","protected":false},"author":5,"featured_media":5497,"comment_status":"open","ping_status":"open","sticky":false,"template":"","format":"standard","meta":[],"categories":[10],"tags":[],"_links":{"self":[{"href":"https:\/\/politicapatagonica.com\/index.php\/wp-json\/wp\/v2\/posts\/5496"}],"collection":[{"href":"https:\/\/politicapatagonica.com\/index.php\/wp-json\/wp\/v2\/posts"}],"about":[{"href":"https:\/\/politicapatagonica.com\/index.php\/wp-json\/wp\/v2\/types\/post"}],"author":[{"embeddable":true,"href":"https:\/\/politicapatagonica.com\/index.php\/wp-json\/wp\/v2\/users\/5"}],"replies":[{"embeddable":true,"href":"https:\/\/politicapatagonica.com\/index.php\/wp-json\/wp\/v2\/comments?post=5496"}],"version-history":[{"count":2,"href":"https:\/\/politicapatagonica.com\/index.php\/wp-json\/wp\/v2\/posts\/5496\/revisions"}],"predecessor-version":[{"id":5525,"href":"https:\/\/politicapatagonica.com\/index.php\/wp-json\/wp\/v2\/posts\/5496\/revisions\/5525"}],"wp:featuredmedia":[{"embeddable":true,"href":"https:\/\/politicapatagonica.com\/index.php\/wp-json\/wp\/v2\/media\/5497"}],"wp:attachment":[{"href":"https:\/\/politicapatagonica.com\/index.php\/wp-json\/wp\/v2\/media?parent=5496"}],"wp:term":[{"taxonomy":"category","embeddable":true,"href":"https:\/\/politicapatagonica.com\/index.php\/wp-json\/wp\/v2\/categories?post=5496"},{"taxonomy":"post_tag","embeddable":true,"href":"https:\/\/politicapatagonica.com\/index.php\/wp-json\/wp\/v2\/tags?post=5496"}],"curies":[{"name":"wp","href":"https:\/\/api.w.org\/{rel}","templated":true}]}}