{"id":5484,"date":"2024-12-16T21:41:29","date_gmt":"2024-12-16T21:41:29","guid":{"rendered":"https:\/\/politicapatagonica.com\/?p=5484"},"modified":"2024-12-17T21:24:07","modified_gmt":"2024-12-17T21:24:07","slug":"gobierno-de-santa-cruz-anuncio-inversiones-para-rio-turbio-y-28-de-noviembre","status":"publish","type":"post","link":"https:\/\/politicapatagonica.com\/index.php\/2024\/12\/16\/gobierno-de-santa-cruz-anuncio-inversiones-para-rio-turbio-y-28-de-noviembre\/","title":{"rendered":"Gobierno de Santa Cruz anunci\u00f3 inversiones para R\u00edo Turbio y 28 de Noviembre"},"content":{"rendered":"\n<p>En el marco del&nbsp;<strong>82\u00b0 aniversario de R\u00edo Turbio<\/strong>, <strong>el Gobierno de Santa Cruz anunci\u00f3 importantes inversiones y proyectos destinados a mejorar la calidad de vida de los habitantes de la&nbsp;Cuenca Carbon\u00edfera<\/strong>. El jefe de Gabinete de Ministros,&nbsp;<strong>Jos\u00e9 Daniel \u00c1lvarez<\/strong>, junto a funcionarios provinciales y municipales, encabez\u00f3 los actos conmemorativos y destac\u00f3 las acciones en \u00e1reas estrat\u00e9gicas como la&nbsp;<strong>salud<\/strong>, la&nbsp;<strong>educaci\u00f3n<\/strong>&nbsp;y la&nbsp;<strong>conectividad<\/strong>.<\/p>\n\n\n\n<p>Uno de los anuncios m\u00e1s destacados fue la llegada de un&nbsp;<strong>tom\u00f3grafo<\/strong>&nbsp;<strong>que se instalar\u00e1 en pocos d\u00edas en R\u00edo Turbio, marcando un avance clave para el sistema sanitario de la Cuenca Carbon\u00edfera.<\/strong> Este equipo permitir\u00e1 realizar diagn\u00f3sticos avanzados, mejorando el acceso a la&nbsp;<strong>atenci\u00f3n m\u00e9dica especializada<\/strong>.<\/p>\n\n\n\n<p>Adem\u00e1s, el funcionario asegur\u00f3 que se trabaja para devolver la conectividad a\u00e9rea a la localidad. \u201cEstamos planificando una integraci\u00f3n del&nbsp;<strong>aeropuerto de 28 de Noviembre<\/strong>&nbsp;al sistema nacional, con pistas preparadas para potenciar el sector productivo y atender emergencias sanitarias, especialmente en los&nbsp;<strong>duros inviernos cordilleranos<\/strong>\u201d, indic\u00f3 \u00c1lvarez.<\/p>\n\n\n\n<h2>Obras en escuelas<\/h2>\n\n\n\n<p><strong>El jefe de Gabinete tambi\u00e9n anunci\u00f3 la finalizaci\u00f3n del proyecto de la&nbsp;Escuela Santa Cruz, acompa\u00f1ado de una planificaci\u00f3n para el acondicionamiento de todas las escuelas de la regi\u00f3n durante el receso por vacaciones de verano \u201cpara tener a todas las escuelas en condiciones\u201d. <\/strong>Estas obras forman parte de un plan integral que busca optimizar los espacios educativos y garantizar mejores condiciones para estudiantes y docentes.<\/p>\n\n\n\n<p>En el marco de una agenda de trabajo, autoridades del Gobierno Provincial visitaron diferentes instituciones educativas de la Cuenta Carbon\u00edfera. <strong>La recorrida estuvo encabezada por la presidenta del Consejo Provincial de Educaci\u00f3n, Iris Rasgido, quien supervis\u00f3 los avances en tareas de mantenimiento correctivo en edificios escolares<\/strong>.<\/p>\n\n\n\n<p>En la <strong>Escuela Especial N\u00b0 9 de R\u00edo Turbio,<\/strong> se est\u00e1n instalando dos nuevos equipos de calefacci\u00f3n que garantizar\u00e1n \u00f3ptimas condiciones edilicias en todos los espacios.<\/p>\n\n\n\n<p>Continuando el recorrido, en 28 de Noviembre, estuvo presente en el Jard\u00edn N\u00b0 21 junto a la Vicedirectora y la Directora Regional, donde se est\u00e1 instalando un nuevo equipo de calefacci\u00f3n.<\/p>\n\n\n\n<p>Finalmente, la titular del CPE junto con la directora Provincial, Paola Bahuer, visit\u00f3 el Colegio Secundario N\u00b0 12, donde el personal de mantenimiento del CPE, est\u00e1 llevando adelante la instalaci\u00f3n de un tanque de agua y otras importantes tareas de mejora.<\/p>\n\n\n\n<h2>350 millones de pesos en obras locales<\/h2>\n\n\n\n<p>En cuanto a generaci\u00f3n de empleo, <strong>\u00c1lvarez destac\u00f3 que en lo que va de la gesti\u00f3n de Claudio Vidal se invirtieron 350 millones de pesos para concluir obras locales<\/strong>, lo que result\u00f3 en la creaci\u00f3n de puestos de trabajo para vecinos vinculados al sector de la construcci\u00f3n.<\/p>\n\n\n\n<p>El funcionario reconoci\u00f3 las dificultades del a\u00f1o, pero destac\u00f3 la unidad de la comunidad como motor para avanzar hacia un futuro mejor. <strong>\u201cCada uno de nosotros tiene la responsabilidad de aportar su granito de arena para sacar adelante a R\u00edo Turbio, a la provincia y al pa\u00eds\u201d<\/strong>, reflexion\u00f3 \u00c1lvarez.<\/p>\n\n\n\n<p>Resalt\u00f3, adem\u00e1s, el trabajo conjunto con el intendente&nbsp;<strong>Dar\u00edo Menna<\/strong>, enfatizando que el camino es \u201ctrabajar juntos y dejar los ego\u00edsmos de lado\u201d.<\/p>\n\n\n\n<p>El intendente de R\u00edo Turbio,&nbsp;<strong>Dar\u00edo Menna<\/strong>, se\u00f1al\u00f3 que ante las pol\u00edticas nacionales el Gobierno de la Provincia acompa\u00f1\u00f3 al municipio para avanzar en obras sobre el ejido urbano y destac\u00f3 que&nbsp;\u201cdesde el minuto uno, cuando fuimos con&nbsp;<strong>Aldo (Aravena)<\/strong>&nbsp;a Buenos Aires a <strong>pelear por YCRT, el Gobernador estuvo al lado nuestro y hoy sabemos que est\u00e1 en la pelea en la defensa de nuestra empresa\u201d.<\/strong><\/p>\n\n\n\n<p>En este contexto, mencion\u00f3 a&nbsp;<strong>Pablo Gordillo<\/strong>, quien desde hace pocos meses ocupa el cargo de interventor de YCRT y, en cuanto a su gesti\u00f3n, destac\u00f3 que \u201centendi\u00f3 que la empresa es del pueblo y que tiene que estar activa acompa\u00f1ando a los municipios de la Cuenca\u201d, de quien destac\u00f3 que est\u00e1n unidos pol\u00edticamente junto con 28 de Noviembre. \u201cDefendamos nuestro lugar en el mundo\u201d, cerr\u00f3.<\/p>\n\n\n\n<h3>Presencias destacadas<\/h3>\n\n\n\n<p>El acto central cont\u00f3 con la participaci\u00f3n de importantes autoridades, entre ellas, la intendente interina de 28 de Noviembre,&nbsp;<strong>Yanina Rini<\/strong>; el interventor de YCRT,&nbsp;<strong>Pablo Gordillo<\/strong>; los ministros&nbsp;<strong>Nicol\u00e1s Brizuela<\/strong>&nbsp;(Gobierno),&nbsp;<strong>Anal\u00eda Costantini<\/strong>&nbsp;(Salud) y&nbsp;<strong>Gustavo Mart\u00ednez<\/strong>&nbsp;(Producci\u00f3n); y la presidenta del Consejo Provincial de Educaci\u00f3n,&nbsp;<strong>Iris Rasgido<\/strong>. Tambi\u00e9n asistieron legisladores provinciales, autoridades eclesi\u00e1sticas y militares.<\/p>\n\n\n\n<p><strong>Fuente: laopinionaustral.com.ar<\/strong><\/p>\n","protected":false},"excerpt":{"rendered":"<p>En el marco del&nbsp;82\u00b0 aniversario de R\u00edo Turbio, el Gobierno de Santa Cruz anunci\u00f3 importantes inversiones y proyectos destinados a mejorar la calidad de vida de los habitantes de la&nbsp;Cuenca Carbon\u00edfera. El jefe de Gabinete de Ministros,&nbsp;Jos\u00e9 Daniel \u00c1lvarez, junto a funcionarios provinciales y municipales, encabez\u00f3 los actos conmemorativos y destac\u00f3 las acciones en \u00e1reas [&hellip;]<\/p>\n","protected":false},"author":5,"featured_media":5485,"comment_status":"open","ping_status":"open","sticky":false,"template":"","format":"standard","meta":[],"categories":[8],"tags":[],"_links":{"self":[{"href":"https:\/\/politicapatagonica.com\/index.php\/wp-json\/wp\/v2\/posts\/5484"}],"collection":[{"href":"https:\/\/politicapatagonica.com\/index.php\/wp-json\/wp\/v2\/posts"}],"about":[{"href":"https:\/\/politicapatagonica.com\/index.php\/wp-json\/wp\/v2\/types\/post"}],"author":[{"embeddable":true,"href":"https:\/\/politicapatagonica.com\/index.php\/wp-json\/wp\/v2\/users\/5"}],"replies":[{"embeddable":true,"href":"https:\/\/politicapatagonica.com\/index.php\/wp-json\/wp\/v2\/comments?post=5484"}],"version-history":[{"count":2,"href":"https:\/\/politicapatagonica.com\/index.php\/wp-json\/wp\/v2\/posts\/5484\/revisions"}],"predecessor-version":[{"id":5494,"href":"https:\/\/politicapatagonica.com\/index.php\/wp-json\/wp\/v2\/posts\/5484\/revisions\/5494"}],"wp:featuredmedia":[{"embeddable":true,"href":"https:\/\/politicapatagonica.com\/index.php\/wp-json\/wp\/v2\/media\/5485"}],"wp:attachment":[{"href":"https:\/\/politicapatagonica.com\/index.php\/wp-json\/wp\/v2\/media?parent=5484"}],"wp:term":[{"taxonomy":"category","embeddable":true,"href":"https:\/\/politicapatagonica.com\/index.php\/wp-json\/wp\/v2\/categories?post=5484"},{"taxonomy":"post_tag","embeddable":true,"href":"https:\/\/politicapatagonica.com\/index.php\/wp-json\/wp\/v2\/tags?post=5484"}],"curies":[{"name":"wp","href":"https:\/\/api.w.org\/{rel}","templated":true}]}}