{"id":5478,"date":"2024-12-13T21:03:07","date_gmt":"2024-12-13T21:03:07","guid":{"rendered":"https:\/\/politicapatagonica.com\/?p=5478"},"modified":"2024-12-17T21:20:05","modified_gmt":"2024-12-17T21:20:05","slug":"denuncia-penal-a-cortes-por-amenaza-a-la-vida-democratica","status":"publish","type":"post","link":"https:\/\/politicapatagonica.com\/index.php\/2024\/12\/13\/denuncia-penal-a-cortes-por-amenaza-a-la-vida-democratica\/","title":{"rendered":"Denuncia penal contra el intendente de Bariloche por amenaza a la vida democr\u00e1tica"},"content":{"rendered":"\n<p><strong>El concejal de Bariloche Leandro Costa Brutten denunci\u00f3 penalmente al intendente Walter Cort\u00e9s, para que la Justicia investigue &#8220;si resulta una posible amenaza de atentado contra el orden constitucional y la vida democr\u00e1tica&#8221;<\/strong>, seg\u00fan sus declaraciones. <\/p>\n\n\n\n<p><strong>La presentaci\u00f3n fue realizada en la Fiscal\u00eda, a ra\u00edz de los dichos del jefe comunal, cuando ayer indic\u00f3: \u201ctenemos que cortarla con esto de ser tan democr\u00e1ticos\u201d.<\/strong><\/p>\n\n\n\n<p>Para el concejal del peronismo, &#8220;resulta de extraordinaria <strong>gravedad el hecho de que el m\u00e1ximo representante del ejecutivo municipal de San Carlos de Bariloche se encuentre convencido y asevere algo contra la democracia,<\/strong> que resulta ser un sistema que confiere el poder \u00faltimo de gobierno, a los ciudadanos individuales a trav\u00e9s del sufragio universal, proclamando la igualdad moral de los ciudadanos&#8221;.<\/p>\n\n\n\n<p>En su presentaci\u00f3n, explic\u00f3 que &#8220;la presente acci\u00f3n pretende tutelar el orden constitucional, conforme la regla de defensa de \u00e9ste bien tan preciado como es el orden constitucional y el sistema democr\u00e1tico&#8221;. <strong>&#8220;La defensa del orden constitucional, me obliga a denunciar a quienes piden menos democracia como soluci\u00f3n a los problemas de los barilochenses, los rionegrinos y los ciudadanos argentinos<\/strong>&#8220;, agreg\u00f3.<\/p>\n\n\n\n<p>&#8220;A mi humilde entender, deber\u00e1 investigarse si el accionar del actual intendente de San Carlos de Bariloche resulta una posible amenaza de atentado contra el orden constitucional y la vida democr\u00e1tica&#8221;, que encuentra su previsi\u00f3n legal en una incorporaci\u00f3n punitiva que tuvo lugar con motivo de esta nueva reforma al C\u00f3digo Penal en el a\u00f1o 1984. <strong>El art\u00edculo mencionado del C\u00f3digo Penal dispone: Art. 226 bis: \u2018El que amenazare p\u00fablica e id\u00f3neamente con la comisi\u00f3n de alguna de las conductas previstas en el art\u00edculo 226, ser\u00e1 reprimido con prisi\u00f3n de uno a cuatro a\u00f1os\u2019\u201d.<\/strong><\/p>\n\n\n\n<p>&#8220;Este tipo legal -introducido por la ley 23.077-, tiene por intenci\u00f3n, penar adecuadamente conductas cuya virtualidad desestabilizadora de las instituciones es siempre de imprevisibles consecuencias&#8221;, indica la presentaci\u00f3n.<strong> &#8220;Recordemos que la amenaza a que se refiere el art\u00edculo 226 bis del texto legal, para que sea punible, determina necesariamente que la misma re\u00fana dos requisitos: \u2018publicidad\u2019 e \u2018idoneidad<\/strong>\u201d, subray\u00f3.<\/p>\n\n\n\n<p>Costa Brutten asever\u00f3: &#8220;Estamos sin duda alguna ante una situaci\u00f3n dirigida a un n\u00famero indeterminado de personas realizada en un acto p\u00fablico de una persona en ejercicio de su funci\u00f3n de intendente municipal. <strong>Entiendo prima facie, se configuran plenamente las exigencias, la publicidad y la idoneidad que constituyen dos elementos objetivos del tipo penal<\/strong>&#8220;, concluy\u00f3.<\/p>\n\n\n\n<p><strong>Fuente: www.adnrionegro.com.ar<\/strong><\/p>\n","protected":false},"excerpt":{"rendered":"<p>El concejal de Bariloche Leandro Costa Brutten denunci\u00f3 penalmente al intendente Walter Cort\u00e9s, para que la Justicia investigue &#8220;si resulta una posible amenaza de atentado contra el orden constitucional y la vida democr\u00e1tica&#8221;, seg\u00fan sus declaraciones. La presentaci\u00f3n fue realizada en la Fiscal\u00eda, a ra\u00edz de los dichos del jefe comunal, cuando ayer indic\u00f3: \u201ctenemos [&hellip;]<\/p>\n","protected":false},"author":5,"featured_media":5479,"comment_status":"open","ping_status":"open","sticky":false,"template":"","format":"standard","meta":[],"categories":[13],"tags":[],"_links":{"self":[{"href":"https:\/\/politicapatagonica.com\/index.php\/wp-json\/wp\/v2\/posts\/5478"}],"collection":[{"href":"https:\/\/politicapatagonica.com\/index.php\/wp-json\/wp\/v2\/posts"}],"about":[{"href":"https:\/\/politicapatagonica.com\/index.php\/wp-json\/wp\/v2\/types\/post"}],"author":[{"embeddable":true,"href":"https:\/\/politicapatagonica.com\/index.php\/wp-json\/wp\/v2\/users\/5"}],"replies":[{"embeddable":true,"href":"https:\/\/politicapatagonica.com\/index.php\/wp-json\/wp\/v2\/comments?post=5478"}],"version-history":[{"count":2,"href":"https:\/\/politicapatagonica.com\/index.php\/wp-json\/wp\/v2\/posts\/5478\/revisions"}],"predecessor-version":[{"id":5491,"href":"https:\/\/politicapatagonica.com\/index.php\/wp-json\/wp\/v2\/posts\/5478\/revisions\/5491"}],"wp:featuredmedia":[{"embeddable":true,"href":"https:\/\/politicapatagonica.com\/index.php\/wp-json\/wp\/v2\/media\/5479"}],"wp:attachment":[{"href":"https:\/\/politicapatagonica.com\/index.php\/wp-json\/wp\/v2\/media?parent=5478"}],"wp:term":[{"taxonomy":"category","embeddable":true,"href":"https:\/\/politicapatagonica.com\/index.php\/wp-json\/wp\/v2\/categories?post=5478"},{"taxonomy":"post_tag","embeddable":true,"href":"https:\/\/politicapatagonica.com\/index.php\/wp-json\/wp\/v2\/tags?post=5478"}],"curies":[{"name":"wp","href":"https:\/\/api.w.org\/{rel}","templated":true}]}}