{"id":5475,"date":"2024-12-13T20:55:51","date_gmt":"2024-12-13T20:55:51","guid":{"rendered":"https:\/\/politicapatagonica.com\/?p=5475"},"modified":"2024-12-13T20:55:52","modified_gmt":"2024-12-13T20:55:52","slug":"torres-encabezo-acto-por-el-dia-del-petroleo-en-comodoro-rivadavia","status":"publish","type":"post","link":"https:\/\/politicapatagonica.com\/index.php\/2024\/12\/13\/torres-encabezo-acto-por-el-dia-del-petroleo-en-comodoro-rivadavia\/","title":{"rendered":"Torres encabez\u00f3 acto por el D\u00eda del Petr\u00f3leo en Comodoro Rivadavia"},"content":{"rendered":"\n<p><strong>El gobernador\u00a0Ignacio Torres\u00a0encabez\u00f3 el acto por el 117\u00b0 Aniversario del Descubrimiento del Petr\u00f3leo y la celebraci\u00f3n por el 37\u00b0 Aniversario del Museo Nacional del Petr\u00f3leo, que se desarroll\u00f3, primero, en las instalaciones del Centro de Jubilados y Pensionados de Comodoro Rivadavia, y posteriormente en la explanada exterior del Museo del Petr\u00f3leo.<\/strong> Adem\u00e1s, durante la jornada se realiz\u00f3 la tradicional colocaci\u00f3n de ofrendas florales en el busto de Enrique Mosconi y en el Monumento a los Ca\u00eddos Ypefianos.<\/p>\n\n\n\n<p><strong>En esta ocasi\u00f3n acompa\u00f1aron al mandatario el intendente local, Othar Macharashvili, y el viceintendente Maximiliano Sampaoli; la intendenta de Rada Tilly, Mariel Peralta; la jefa comunal de Aldea Beleiro, Patricia Tapia; el vicegobernador Gustavo Menna; los ministros de Educaci\u00f3n, Jos\u00e9 Luis Punta; de Hidrocarburos, Federico Ponce; el secretario Coordinador de Gabinete, Guillermo Aranda; funcionarios del Gabinete Provincial; la diputada nacional Ana Clara Romero, la senadora Andrea Cristina; diputados provinciales y concejales; la presidenta de Fedecomex, Marta Ma\u00f1as de Pazos; representantes de las empresas YPF, PAE y Schlumberger y del Instituto Argentino del Petr\u00f3leo y del Gas; el secretario General del Sindicato del Petr\u00f3leo y Gas Privado del Chubut, Jorge &#8220;Loma&#8221; \u00c1vila; reinas y princesas de la Asociaci\u00f3n de Provincianos, abanderados escolares; el presidente del Centro de Jubilados de YPF, Miguel Scaruli; el dirigente sindical de petroleros Mario &#8220;Chorizo&#8221; Quinteros; y, por parte de la Universidad Nacional de la Patagonia &#8220;San Juan Bosco&#8221;, el rector Walter Carrizo; la secretaria General Liliana Barrionuevo, el secretario de Extensi\u00f3n Universitaria, Diego Lazzarone, la secretaria de Ciencia y T\u00e9cnica, M\u00f3nica Freyre, la decana de Ciencias Naturales y de la Salud, Olga Herrera; la vicedecana Susana Perales, y la decana de Humanidades y Ciencias Sociales, Susana Vidoz.<\/strong><\/p>\n\n\n\n<p>En su discurso, Torres fue contundente: &#8220;Este no fue un a\u00f1o m\u00e1s\u201d, recordando que \u201cen esta fecha conmemoramos el D\u00eda del Petr\u00f3leo, pero tambi\u00e9n hablamos de nuestros pioneros, de la producci\u00f3n, la industria, la cultura y la historia. Y detr\u00e1s de la discusi\u00f3n federal del petr\u00f3leo, logramos hermanarnos como sociedad&#8221;.<\/p>\n\n\n\n<p>El titular del Ejecutivo provincial <strong>celebr\u00f3 la presencia de Mario &#8220;Chorizo&#8221; Quinteros y Miguel Scaruli, a quienes calific\u00f3 como &#8220;dos pioneros que tuvieron un rol fundamental cuando el petr\u00f3leo &#8216;se hizo famoso&#8217; porque la Argentina<\/strong> se enter\u00f3 que m\u00e1s del 20% del recurso sal\u00eda de una provincia &#8216;perdida en el sur&#8217;, pregunt\u00e1ndose qu\u00e9 pasaba si esa famosa boya se cerraba&#8221;, y agreg\u00f3 que &#8220;cuando tuvo lugar esa discusi\u00f3n, todos ped\u00edamos por el reconocimiento al esfuerzo y trabajo de tantos a\u00f1os, y desde ese momento el pa\u00eds tomo conciencia de la importancia de esa Argentina productiva, de salir de la l\u00f3gica centralizada en Capital Federal, con un pa\u00eds relegado que financia ese centralismo&#8221;.<\/p>\n\n\n\n<p>&#8220;Gracias a esa resiliencia, fuerza y convicci\u00f3n de los legisladores nacionales y al esfuerzo de todos los gremios, <strong>pudimos obtener una inversi\u00f3n de m\u00e1s de 1.200 millones de d\u00f3lares cuando muchos cre\u00edan que el 2024 iba a ser un a\u00f1o para el olvido&#8221;, asegur\u00f3 Torres<\/strong>, remarcando que &#8220;tambi\u00e9n pudimos terminar con una estafa de d\u00e9cadas contra todos los chubutenses, que era el famoso &#8216;precio sost\u00e9n&#8217; del barril, algo que parece positivo pero que, como provincia, nos cost\u00f3 m\u00e1s de 1.400 millones de d\u00f3lares como provincia&#8221;.<\/p>\n\n\n\n<p>&#8220;Sin embargo&#8221;, continu\u00f3 Torres, <strong>&#8220;cuando se dio la discusi\u00f3n del cap\u00edtulo de Hidrocarburos (en la Ley de Bases), que supuestamente era muy sofisticado, todos los legisladores nacionales estuvieron comprometidos hasta \u00faltimo momento y podemos decir que hoy, nuestro crudo se paga lo que vale por primera vez en d\u00e9cadas<\/strong>&#8220;.<\/p>\n\n\n\n<p>&#8220;Somos una provincia bendecida, porque ese crudo hoy es demandado en el mundo, lo cual nos da una ventaja comparativa en relaci\u00f3n a otra cuenca&#8221;, a\u00f1adi\u00f3 el Gobernador, a\u00f1adiendo que<strong> \u201cno tenemos que entrar en una l\u00f3gica de &#8216;Chubut contra Vaca Muerta&#8217;,<\/strong> porque somos complementarios y tenemos que ser lo suficientemente inteligentes para entender que la revoluci\u00f3n que tenemos que dar en esta cuenca es de competitividad; y la misma fuerza y sentido de pertenencia que nos unieron, nos van a permitir hacer las cosas bien en momentos de incertidumbre como este&#8221;. Asimismo, puntualiz\u00f3 que &#8220;hoy tenemos la responsabilidad de mirar hacia adelante y de pensar una agenda de competitividad para sostener el trabajo, como lo estamos haciendo, pero tambi\u00e9n para revertir el declive de esta cuenca, y se puede lograr&#8221;.<\/p>\n\n\n\n<p>Sobre esto \u00faltimo,<strong> Torres cit\u00f3 como ejemplo la eliminaci\u00f3n de los aranceles a la importaci\u00f3n de pol\u00edmeros, lograda en el mes de octubre ante el Ministerio de Econom\u00eda de la Naci\u00f3n:<\/strong> &#8220;Parece un tecnicismo, pero en concreto, significa garantizar el trabajo de cientos de familias. Y esos pol\u00edmeros se van a importar a trav\u00e9s de un puerto que hac\u00eda 18 a\u00f1os no se dragaba, que fue un s\u00edmbolo de la desidia durante mucho tiempo y que hoy est\u00e1 dragado y con un importante potencial&#8221;, expres\u00f3.<\/p>\n\n\n\n<p>&#8220;En este momento <strong>se est\u00e1 terminando de perforar el primer pozo no convencional horizontal en esta provincia, y si bien todav\u00eda es temprano, lo cierto es que el pr\u00f3ximo a\u00f1o vamos a estar en este mismo lugar enumerando todo el esfuerzo y los logros de todos los chubutenses y de su dirigencia<\/strong>, para poner a esta cuenca de nuevo en el lugar en el que nunca tendr\u00eda que haber dejado de estar&#8221;, concluy\u00f3 Torres.<\/p>\n\n\n\n<p><strong>Fuente: www.elchubut.com.ar<\/strong><\/p>\n\n\n\n<p><\/p>\n","protected":false},"excerpt":{"rendered":"<p>El gobernador\u00a0Ignacio Torres\u00a0encabez\u00f3 el acto por el 117\u00b0 Aniversario del Descubrimiento del Petr\u00f3leo y la celebraci\u00f3n por el 37\u00b0 Aniversario del Museo Nacional del Petr\u00f3leo, que se desarroll\u00f3, primero, en las instalaciones del Centro de Jubilados y Pensionados de Comodoro Rivadavia, y posteriormente en la explanada exterior del Museo del Petr\u00f3leo. Adem\u00e1s, durante la jornada [&hellip;]<\/p>\n","protected":false},"author":5,"featured_media":5476,"comment_status":"open","ping_status":"open","sticky":false,"template":"","format":"standard","meta":[],"categories":[14],"tags":[],"_links":{"self":[{"href":"https:\/\/politicapatagonica.com\/index.php\/wp-json\/wp\/v2\/posts\/5475"}],"collection":[{"href":"https:\/\/politicapatagonica.com\/index.php\/wp-json\/wp\/v2\/posts"}],"about":[{"href":"https:\/\/politicapatagonica.com\/index.php\/wp-json\/wp\/v2\/types\/post"}],"author":[{"embeddable":true,"href":"https:\/\/politicapatagonica.com\/index.php\/wp-json\/wp\/v2\/users\/5"}],"replies":[{"embeddable":true,"href":"https:\/\/politicapatagonica.com\/index.php\/wp-json\/wp\/v2\/comments?post=5475"}],"version-history":[{"count":1,"href":"https:\/\/politicapatagonica.com\/index.php\/wp-json\/wp\/v2\/posts\/5475\/revisions"}],"predecessor-version":[{"id":5477,"href":"https:\/\/politicapatagonica.com\/index.php\/wp-json\/wp\/v2\/posts\/5475\/revisions\/5477"}],"wp:featuredmedia":[{"embeddable":true,"href":"https:\/\/politicapatagonica.com\/index.php\/wp-json\/wp\/v2\/media\/5476"}],"wp:attachment":[{"href":"https:\/\/politicapatagonica.com\/index.php\/wp-json\/wp\/v2\/media?parent=5475"}],"wp:term":[{"taxonomy":"category","embeddable":true,"href":"https:\/\/politicapatagonica.com\/index.php\/wp-json\/wp\/v2\/categories?post=5475"},{"taxonomy":"post_tag","embeddable":true,"href":"https:\/\/politicapatagonica.com\/index.php\/wp-json\/wp\/v2\/tags?post=5475"}],"curies":[{"name":"wp","href":"https:\/\/api.w.org\/{rel}","templated":true}]}}