{"id":5451,"date":"2024-12-11T17:55:44","date_gmt":"2024-12-11T17:55:44","guid":{"rendered":"https:\/\/politicapatagonica.com\/?p=5451"},"modified":"2024-12-13T17:03:53","modified_gmt":"2024-12-13T17:03:53","slug":"aumentos-2025-en-rio-negro-inmobiliario-140-automotor-110","status":"publish","type":"post","link":"https:\/\/politicapatagonica.com\/index.php\/2024\/12\/11\/aumentos-2025-en-rio-negro-inmobiliario-140-automotor-110\/","title":{"rendered":"Aumentos 2025 en R\u00edo Negro: Inmobiliario subir\u00e1 un 140% y Automotor un 110%"},"content":{"rendered":"\n<p><strong>El Gobierno de R\u00edo Negro aumentar\u00e1 los impuestos inmobiliario y automotor en 2025. El impacto ser\u00e1 del 140% -m\u00ednimo- en el tributo a la vivienda y del 110% -m\u00e1ximo- en los veh\u00edculos<\/strong>. As\u00ed lo ratific\u00f3 ayer el jefe de la Agencia de Recaudaci\u00f3n, Alejandro Palmieri, en comisi\u00f3n plenaria legislativa que se reuni\u00f3 ayer, donde hizo un informe ante los legisladores sobre las modificaciones a la ley impositiva anual y a las leyes base del C\u00f3digo Fiscal.<\/p>\n\n\n\n<p>Con respecto a la ley impositiva, <strong>Palmieri explic\u00f3 que se reestructura la f\u00f3rmula cuadr\u00e1tica para calcular el impuesto inmobiliario, pasando a una \u201cf\u00f3rmula lineal\u201d, atomizada en 9 tramos de valuaciones fiscales.<\/strong><\/p>\n\n\n\n<p>En consecuencia, el impuesto inmobiliario determinado para el 2025 posee una adecuaci\u00f3n m\u00ednima en torno al 140% del impuesto determinado para el 2024, y una actualizaci\u00f3n necesaria del impuesto m\u00ednimo a 50.000 pesos anuales. <strong>Palmieri remarc\u00f3 que ese tributo es en R\u00edo Negro, y en todas las provincias, el de mayor cantidad de contribuyentes. Y justific\u00f3 que su incidencia en el total de impuestos provinciales viene cayendo sostenidamente en t\u00e9rminos de participaci\u00f3n desde 2018.<\/strong><\/p>\n\n\n\n<p>Durante el 2024, el impuesto m\u00ednimo anual fue de 11.165 pesos con una cuota mensual inicial de 930,41 pesos y con una bonificaci\u00f3n de 604,77 pesos por mes. Ahora el Gobierno propone llevar el m\u00ednimo a 50.000 pesos, equivalente a 4.166,66 pesos mensuales, con una bonificaci\u00f3n de 3.541,66 pesos mensuales.<\/p>\n\n\n\n<p>Con esto se busca que los inmuebles encuadrados en el impuesto m\u00ednimo sean aquellos que verdaderamente exteriorizan menor capacidad contributiva \u201creal\u201d.<\/p>\n\n\n\n<p>Palmieri indic\u00f3 que en 2024, 79.300 inmuebles (35%) estuvieron en el impuesto m\u00ednimo; para el 2025, 35.093 (15%) estar\u00e1n en el tramo m\u00ednimo. Adem\u00e1s<strong> inform\u00f3 que se mantiene la exenci\u00f3n del 35% para los inmuebles radicados en la l\u00ednea sur y tambi\u00e9n la exenci\u00f3n para jubilados.<\/strong><\/p>\n\n\n\n<p>Por otro lado destac\u00f3 que se establece desde el 1 de enero al 30 de junio, un r\u00e9gimen declarativo, voluntario y excepcional de incorporaci\u00f3n de mejoras introducidas en inmuebles situados en el territorio provincial y no declaradas en tiempo y forma ante la ART.<\/p>\n\n\n\n<p><strong>Automotor<\/strong><\/p>\n\n\n\n<p>En cuanto al impuesto a<strong> los automotores, Palmieri explic\u00f3 que se calcula en base al 3,5% de la valuaci\u00f3n fiscal de cada veh\u00edculo. Y que el aumento determinado para el 2025 no podr\u00e1 superar el 110% sobre el del 2024.<\/strong><\/p>\n\n\n\n<p>Adem\u00e1s, se fija en el a\u00f1o 2005 la exenci\u00f3n por modelo de a\u00f1o.<\/p>\n\n\n\n<p><strong>Durante 2025 se mantiene la al\u00edcuota diferencial del 2,5% para los veh\u00edculos incluidos en el grupo \u00aba-1\u00bb, autom\u00f3viles-sedan-casillas autoportantes, que no posean deuda y los responsables est\u00e9n inscriptos como contribuyentes del IIBB en las actividades relacionadas con el transporte de personas con o sin chofer. Tambi\u00e9n se mantienen la exenci\u00f3n del 50% para los veh\u00edculos de movilidad sostenible radicados en R\u00edo Negro y la exenci\u00f3n del 20% para los automotores radicados en la l\u00ednea sur.<\/strong><\/p>\n\n\n\n<p>Con relaci\u00f3n al impuesto a los automotores, se incorpora al art\u00edculo 2 una definici\u00f3n de qu\u00e9 se entiende por automotor radicado en R\u00edo Negro, con el objetivo de establecer quienes son los sujetos pasivos del impuesto en virtud de las modificaciones introducidas por el Poder Ejecutivo Nacional al R\u00e9gimen Jur\u00eddico del Automotor.<\/p>\n\n\n\n<p>Tambi\u00e9n se modifica el art\u00edculo 4 para gravar aquellos veh\u00edculos de sujetos que, sin estar domiciliados en R\u00edo Negro, desarrollan su actividad habitual en la provincia.<\/p>\n\n\n\n<p>Por otra parte, <strong>se fija en $20.889.600 el monto de la exenci\u00f3n para personas jubiladas, pensionadas, retiradas o mayores de 65 a\u00f1os.<\/strong><\/p>\n\n\n\n<p><strong>Bonificaciones<\/strong><\/p>\n\n\n\n<p>Por pago anual, <strong>habr\u00e1 bonificaci\u00f3n del 5% para aquellos que tengan deuda al 31\/12\/2024, del 20% para aquellos que no posean deuda al 31\/12\/2024 o la misma se encuentre regularizada, y del 25% para inmuebles en parques industriales sin deuda al 31\/12\/2024 o regularizada.<\/strong><\/p>\n\n\n\n<p>Por pago mensual en t\u00e9rmino habr\u00e1 una bonificaci\u00f3n del 5% para aquellos que paguen antes del vencimiento, del 15% para inmuebles en parques industriales sin deuda, y del 10% adicional para aquellos que adhieran al d\u00e9bito autom\u00e1tico.<\/p>\n\n\n\n<p>Con respecto al impuesto a los sellos, <strong>se mantiene vigente la tasa 0% para la compra de veh\u00edculos de trabajo 0 KM<\/strong> para inscriptos en IIBB, y se seguir\u00e1 aplicando la al\u00edcuota del 1% para los actos en general.<\/p>\n\n\n\n<p><strong>Fuente: www.adnrionegro.com.ar<\/strong><\/p>\n","protected":false},"excerpt":{"rendered":"<p>El Gobierno de R\u00edo Negro aumentar\u00e1 los impuestos inmobiliario y automotor en 2025. El impacto ser\u00e1 del 140% -m\u00ednimo- en el tributo a la vivienda y del 110% -m\u00e1ximo- en los veh\u00edculos. As\u00ed lo ratific\u00f3 ayer el jefe de la Agencia de Recaudaci\u00f3n, Alejandro Palmieri, en comisi\u00f3n plenaria legislativa que se reuni\u00f3 ayer, donde hizo [&hellip;]<\/p>\n","protected":false},"author":5,"featured_media":5452,"comment_status":"open","ping_status":"open","sticky":false,"template":"","format":"standard","meta":[],"categories":[13],"tags":[],"_links":{"self":[{"href":"https:\/\/politicapatagonica.com\/index.php\/wp-json\/wp\/v2\/posts\/5451"}],"collection":[{"href":"https:\/\/politicapatagonica.com\/index.php\/wp-json\/wp\/v2\/posts"}],"about":[{"href":"https:\/\/politicapatagonica.com\/index.php\/wp-json\/wp\/v2\/types\/post"}],"author":[{"embeddable":true,"href":"https:\/\/politicapatagonica.com\/index.php\/wp-json\/wp\/v2\/users\/5"}],"replies":[{"embeddable":true,"href":"https:\/\/politicapatagonica.com\/index.php\/wp-json\/wp\/v2\/comments?post=5451"}],"version-history":[{"count":2,"href":"https:\/\/politicapatagonica.com\/index.php\/wp-json\/wp\/v2\/posts\/5451\/revisions"}],"predecessor-version":[{"id":5468,"href":"https:\/\/politicapatagonica.com\/index.php\/wp-json\/wp\/v2\/posts\/5451\/revisions\/5468"}],"wp:featuredmedia":[{"embeddable":true,"href":"https:\/\/politicapatagonica.com\/index.php\/wp-json\/wp\/v2\/media\/5452"}],"wp:attachment":[{"href":"https:\/\/politicapatagonica.com\/index.php\/wp-json\/wp\/v2\/media?parent=5451"}],"wp:term":[{"taxonomy":"category","embeddable":true,"href":"https:\/\/politicapatagonica.com\/index.php\/wp-json\/wp\/v2\/categories?post=5451"},{"taxonomy":"post_tag","embeddable":true,"href":"https:\/\/politicapatagonica.com\/index.php\/wp-json\/wp\/v2\/tags?post=5451"}],"curies":[{"name":"wp","href":"https:\/\/api.w.org\/{rel}","templated":true}]}}