{"id":5448,"date":"2024-12-11T17:46:06","date_gmt":"2024-12-11T17:46:06","guid":{"rendered":"https:\/\/politicapatagonica.com\/?p=5448"},"modified":"2024-12-13T17:02:13","modified_gmt":"2024-12-13T17:02:13","slug":"claudio-vidal-pido-al-equipo-de-gobierno-mayor-esfuerzo","status":"publish","type":"post","link":"https:\/\/politicapatagonica.com\/index.php\/2024\/12\/11\/claudio-vidal-pido-al-equipo-de-gobierno-mayor-esfuerzo\/","title":{"rendered":"Claudio Vidal: \u201cPido al equipo de gobierno mayor esfuerzo\u201d"},"content":{"rendered":"\n<p>Al cumplirse el&nbsp;<strong>primer a\u00f1o de gesti\u00f3n<\/strong>, el gobernador&nbsp;<strong>Claudio Vidal<\/strong>&nbsp;llev\u00f3 adelante una reuni\u00f3n ampliada de Gabinete en&nbsp;<strong>Casa de Gobierno<\/strong>.<\/p>\n\n\n\n<p>\u201cCumplimos nuestro primer a\u00f1o de gesti\u00f3n. Quiero&nbsp;<strong>agradecer<\/strong>&nbsp;a todo el&nbsp;<strong>equipo de gobierno<\/strong>,&nbsp;<strong>pedirles mayor compromiso y dedicaci\u00f3n<\/strong>&nbsp;para este a\u00f1o entrante. Es la&nbsp;<strong>\u00fanica manera de construir la provincia<\/strong>&nbsp;que tanto nos merecemos. Seguimos trabajando\u201d, escribi\u00f3 por sus redes sociales.&nbsp;De esta manera, el&nbsp;<strong>Poder Ejecutivo provincial&nbsp;<\/strong>analiz\u00f3 los primeros doce meses al frente del Gobierno de la provincia de Santa Cruz y los desaf\u00edos que quedan por delante.<\/p>\n\n\n\n<p>Participaron del encuentro pol\u00edtico, adem\u00e1s de&nbsp;<strong>Claudio Vidal<\/strong>, el vicegobernador,&nbsp;<strong>Fabi\u00e1n Leguizam\u00f3n<\/strong>; el jefe de Gabinete de Ministros,&nbsp;<strong>Daniel \u00c1lvarez<\/strong>; la ministra de Econom\u00eda y Finanzas,&nbsp;<strong>Marilina Jaramillo<\/strong>; la ministra de Desarrollo Social,&nbsp;<strong>Luisa C\u00e1rdenas<\/strong>; la ministra de Salud,&nbsp;<strong>Anal\u00eda Costantini<\/strong>; la ministra secretaria general de la Gobernaci\u00f3n,<strong>&nbsp;Cecilia Borselli<\/strong>; el ministro de la Producci\u00f3n,&nbsp;<strong>Gustavo Mart\u00ednez<\/strong>; el ministro de Seguridad,&nbsp;<strong>Javier Prodromos<\/strong>; el ministro de Energ\u00eda y Miner\u00eda;&nbsp;<strong>Jaime \u00c1lvarez<\/strong>; la presidenta del Consejo de Educaci\u00f3n,&nbsp;<strong>Iris Rasgido<\/strong>, y el secretario de Trabajo,&nbsp;<strong>Javier Aravena<\/strong>.<\/p>\n\n\n\n<p>Se sumaron la secretaria de Miner\u00eda,&nbsp;<strong>Nadia Ricci<\/strong>; el presidente de la Caja de Servicios Sociales,&nbsp;<strong>Sergio P\u00e9rez Soruco<\/strong>; el presidente del Consejo Agrario Provincial,&nbsp;<strong>Adri\u00e1n Su\u00e1rez<\/strong>; el secretario de Turismo,&nbsp;<strong>N\u00e9stor Mart\u00ednez<\/strong>; la titular de UNEPOSC,&nbsp;<strong>Celsa Hern\u00e1ndez<\/strong>; el presidente de Servicios P\u00fablicos,&nbsp;<strong>Luis Avenda\u00f1o<\/strong>, y el secretario de Medios,&nbsp;<strong>Sergio Bucci<\/strong>, entre otros.<\/p>\n\n\n\n<h3>Gesti\u00f3n<\/h3>\n\n\n\n<p>Recientemente,&nbsp;<strong>Vidal<\/strong>&nbsp;alcanz\u00f3 uno de los<strong>&nbsp;hitos pol\u00edticos<\/strong>&nbsp;en este primer a\u00f1o al participar personalmente en la sesi\u00f3n del&nbsp;<strong>Consejo Federal de Pesca&nbsp;<\/strong>y lograr que la cuota permisible de distribuci\u00f3n de la&nbsp;<strong>merluza hubbsi<\/strong>&nbsp;se incremente de&nbsp;<strong>4.500 toneladas<\/strong>&nbsp;a las&nbsp;<strong>20 mil<\/strong>. De esta manera, el sector pesquero santacruce\u00f1o tendr\u00e1 previsibilidad por los pr\u00f3ximos&nbsp;<strong>15 a\u00f1os<\/strong>.<\/p>\n\n\n\n<p>Asimismo, a mediados de octubre pasado complet\u00f3 una nutrida agenda en la&nbsp;<strong>Rep\u00fablica de China&nbsp;<\/strong>con la misi\u00f3n de atraer inversiones para la industria energ\u00e9tica de&nbsp;<strong>Santa Cruz<\/strong>. Gestion\u00f3 la&nbsp;<strong>expansi\u00f3n del sistema el\u00e9ctrico<\/strong>&nbsp;y la&nbsp;<strong>reactivaci\u00f3n de las represas<\/strong>&nbsp;sobre el r\u00edo Santa Cruz, impulsando la generaci\u00f3n de energ\u00edas limpias, creando empleo y fomentando el crecimiento econ\u00f3mico.<\/p>\n\n\n\n<p>Tras aquella gira asi\u00e1tica,&nbsp;<strong>YCRT&nbsp;<\/strong>fue visitada por un grupo de&nbsp;<strong>empresarios chinos<\/strong>. El objetivo de Provincia es asegurar la<strong>&nbsp;venta de carb\u00f3n<\/strong>&nbsp;y&nbsp;<strong>aumentar la producci\u00f3n<\/strong>&nbsp;para evitar una futura privatizaci\u00f3n y preservar los empleos y la estabilidad social en la&nbsp;<strong>Cuenca Carbon\u00edfera<\/strong>.<\/p>\n\n\n\n<p>Recientemente, el mandatario anunci\u00f3 que \u201cest\u00e1<strong>&nbsp;llegando maquinaria<\/strong>&nbsp;que ser\u00e1 entregada en nuestro primer a\u00f1o de gesti\u00f3n\u201d, presentando as\u00ed nuevas inversiones destinadas a reforzar \u00e1reas clave como la&nbsp;<strong>seguridad<\/strong>&nbsp;y la&nbsp;<strong>salud p\u00fablica<\/strong>.<\/p>\n\n\n\n<p>Para 2025, el Gobierno&nbsp;<strong>continuar\u00e1 avanzando<\/strong>&nbsp;en el&nbsp;<strong>recupero salarial<\/strong>&nbsp;de todos los estatales de Santa Cruz.<\/p>\n\n\n\n<p><strong>Fuente: laopinionaustral.com.ar<\/strong><\/p>\n","protected":false},"excerpt":{"rendered":"<p>Al cumplirse el&nbsp;primer a\u00f1o de gesti\u00f3n, el gobernador&nbsp;Claudio Vidal&nbsp;llev\u00f3 adelante una reuni\u00f3n ampliada de Gabinete en&nbsp;Casa de Gobierno. \u201cCumplimos nuestro primer a\u00f1o de gesti\u00f3n. Quiero&nbsp;agradecer&nbsp;a todo el&nbsp;equipo de gobierno,&nbsp;pedirles mayor compromiso y dedicaci\u00f3n&nbsp;para este a\u00f1o entrante. Es la&nbsp;\u00fanica manera de construir la provincia&nbsp;que tanto nos merecemos. Seguimos trabajando\u201d, escribi\u00f3 por sus redes sociales.&nbsp;De esta manera, [&hellip;]<\/p>\n","protected":false},"author":5,"featured_media":5449,"comment_status":"open","ping_status":"open","sticky":false,"template":"","format":"standard","meta":[],"categories":[8],"tags":[],"_links":{"self":[{"href":"https:\/\/politicapatagonica.com\/index.php\/wp-json\/wp\/v2\/posts\/5448"}],"collection":[{"href":"https:\/\/politicapatagonica.com\/index.php\/wp-json\/wp\/v2\/posts"}],"about":[{"href":"https:\/\/politicapatagonica.com\/index.php\/wp-json\/wp\/v2\/types\/post"}],"author":[{"embeddable":true,"href":"https:\/\/politicapatagonica.com\/index.php\/wp-json\/wp\/v2\/users\/5"}],"replies":[{"embeddable":true,"href":"https:\/\/politicapatagonica.com\/index.php\/wp-json\/wp\/v2\/comments?post=5448"}],"version-history":[{"count":2,"href":"https:\/\/politicapatagonica.com\/index.php\/wp-json\/wp\/v2\/posts\/5448\/revisions"}],"predecessor-version":[{"id":5466,"href":"https:\/\/politicapatagonica.com\/index.php\/wp-json\/wp\/v2\/posts\/5448\/revisions\/5466"}],"wp:featuredmedia":[{"embeddable":true,"href":"https:\/\/politicapatagonica.com\/index.php\/wp-json\/wp\/v2\/media\/5449"}],"wp:attachment":[{"href":"https:\/\/politicapatagonica.com\/index.php\/wp-json\/wp\/v2\/media?parent=5448"}],"wp:term":[{"taxonomy":"category","embeddable":true,"href":"https:\/\/politicapatagonica.com\/index.php\/wp-json\/wp\/v2\/categories?post=5448"},{"taxonomy":"post_tag","embeddable":true,"href":"https:\/\/politicapatagonica.com\/index.php\/wp-json\/wp\/v2\/tags?post=5448"}],"curies":[{"name":"wp","href":"https:\/\/api.w.org\/{rel}","templated":true}]}}