{"id":5430,"date":"2024-12-10T22:14:24","date_gmt":"2024-12-10T22:14:24","guid":{"rendered":"https:\/\/politicapatagonica.com\/?p=5430"},"modified":"2024-12-10T22:44:57","modified_gmt":"2024-12-10T22:44:57","slug":"el-gobernador-torres-pedira-la-intervencion-de-la-cooperativa-de-rawson-y-advirtio-habra-consecuencias-civiles-y-penales","status":"publish","type":"post","link":"https:\/\/politicapatagonica.com\/index.php\/2024\/12\/10\/el-gobernador-torres-pedira-la-intervencion-de-la-cooperativa-de-rawson-y-advirtio-habra-consecuencias-civiles-y-penales\/","title":{"rendered":"El gobernador Torres pedir\u00e1 la intervenci\u00f3n de la Cooperativa de Rawson y advirti\u00f3: &#8220;Habr\u00e1 consecuencias civiles y penales&#8221;"},"content":{"rendered":"\n<p><strong>El gobernador Ignacio\u00a0Torres<\/strong>, junto al intendente de Rawson, Dami\u00e1n Biss, anunci\u00f3 que<strong> solicitar\u00e1\u00a0al Instituto Nacional de Asociativismo y Econom\u00eda Social (INAES) la intervenci\u00f3n de la Cooperativa de Servicios P\u00fablicos Consumo y Vivienda Rawson, ante una serie de presuntas irregularidades<\/strong> que perjudicaron la situaci\u00f3n financiera de la entidad, poniendo en peligro la prestaci\u00f3n de servicios a los usuarios.<\/p>\n\n\n\n<p>Acompa\u00f1aron al gobernador el ministro de Econom\u00eda de Chubut, Andr\u00e9s Meiszner; el fiscal de Estado, Andr\u00e9s Giacomone; y Juan Manuel Alfons\u00edn, asesor del vicepresidente de Cammesa.<\/p>\n\n\n\n<p>En conferencia de prensa,&nbsp;advirti\u00f3 que &#8220;concretamente, ac\u00e1 se est\u00e1 <strong>robando mucho dinero<\/strong>: me pregunto cu\u00e1l ser\u00eda el sentido de firmar un convenio que le quita a la Cooperativa<strong> 600 mil d\u00f3lares<\/strong> por absolutamente nada&#8221;.<\/p>\n\n\n\n<p>En relaci\u00f3n con la cuestionada contrataci\u00f3n de un equipo de abogados para que representen a la entidad ante distintos pleitos judiciales que enfrenta, Torres sostuvo que &#8220;si hay alg\u00fan acuerdo espurio, por supuesto va a tener una consecuencia penal, porque estafar a los contribuyentes tiene que ser castigado&#8221; y confirm\u00f3 que<strong> &#8220;vamos a presentar una denuncia junto a la Intendencia para esclarecer qui\u00e9n fue la persona que trajo a estos delincuentes, con quienes firm\u00f3 un convenio leonino que le rob\u00f3 un mont\u00f3n de dinero a los vecinos de Rawson&#8221;.<\/strong><\/p>\n\n\n\n<p>&#8220;Tambi\u00e9n&#8221;, continu\u00f3 el Gobernador, &#8220;<strong>vamos a investigar si este mismo tipo de estafa ocurri\u00f3 en otras cooperativas; la metodolog\u00eda consist\u00eda en querer &#8216;colgarse&#8217; de una resoluci\u00f3n muy endeble y de un juez federal en primera instancia con otra cooperativa, <\/strong>mediante una demanda colectiva que se revoc\u00f3 en C\u00e1mara, y luego de que ese fallo fuera adverso, segu\u00edan cobrando a la Cooperativa y entendemos que sigue vigente el cobro de much\u00edsimo dinero&#8221;.<\/p>\n\n\n\n<p>&#8220;Sorprende la creatividad de algunos para robar, y tambi\u00e9n la estupidez de quienes est\u00e1n al frente de la entidad, por no dimensionar semejante estafa, y no tenemos duda de que esta situaci\u00f3n va a terminar con los responsables tras las rejas&#8221;, manifest\u00f3 el mandatario provincial.<\/p>\n\n\n\n<p><strong>&#8220;Desde el primer momento dijimos que, como gobierno, \u00edbamos a acompa\u00f1ar a todos los intendentes que buscaran normalizar el servicio de las cooperativas, y lo cierto es que cuanto m\u00e1s investigamos, m\u00e1s cosas aparecen, a diferencia de otras cooperativas que s\u00ed son ejemplo de eficiencia&#8221;, sostuvo Torres.<\/strong><\/p>\n\n\n\n<p>&#8220;La decisi\u00f3n es ir a fondo y hasta las \u00faltimas consecuencias para normalizar el servicio y garantizar que aquello que los vecinos paguen vaya a las prestaciones, y que nadie se robe m\u00e1s plata; y que se sepa que, cuando alguien quiere estafar a los usuarios, eso va a tener consecuencias civiles y penales&#8221;, remarc\u00f3 Torres.<\/p>\n\n\n\n<p>Por su parte, el&nbsp;<strong>ministro de Econom\u00eda, Andr\u00e9s Meiszner<\/strong>, ofreci\u00f3 detalles de la situaci\u00f3n que atraviesa la entidad: <strong>&#8220;Desde la asunci\u00f3n del Gobernador se tom\u00f3 la decisi\u00f3n pol\u00edtica de encarar la problem\u00e1tica de algunas cooperativas para normalizar las entidades, principalmente en lo relacionado con las deudas con Cammesa<\/strong>. Se ha iniciado el primer camino con la Cooperativa El\u00e9ctrica de Trelew, y desde el punto de vista jur\u00eddico, la Secretar\u00eda de Trabajo provincial es la que ejerce el contralor administrativo conveniado con el INAES, y en este caso tambi\u00e9n es una decisi\u00f3n pol\u00edtica del Gobernador y compartida con el intendente de Rawson para garantizar la prestaci\u00f3n de servicios en la ciudad&#8221;.<\/p>\n\n\n\n<p>&#8220;Poner en riesgo la prestaci\u00f3n de los servicios con contratos que se han firmado y que se siguieron firmando, a\u00fan desde los primeros controles, culminando en esta situaci\u00f3n, no hace m\u00e1s que ahondar en la responsabilidad de las actuales autoridades de la Cooperativa, y creemos que hay argumentos competentes para solicitar la intervenci\u00f3n al INAES, y que Rawson vuelva a tener una prestadora de servicios eficaz&#8221;, se\u00f1al\u00f3 Meiszner.<\/p>\n\n\n\n<p>Por otro lado,&nbsp;<strong>Dami\u00e1n Biss<\/strong>, explic\u00f3 que la decisi\u00f3n del Gobernador se fundament\u00f3<strong> &#8220;ante la preocupaci\u00f3n por los \u00faltimos acontecimientos que han ocurrido en la Cooperativa de nuestra ciudad, por lo que se har\u00e1 el correspondiente planteo ante el INAES para solicitar la intervenci\u00f3n&#8221;,<\/strong> y plante\u00f3 que &#8220;la entidad, que es la m\u00e1s importante en materia de servicios p\u00fablicos en la capital, viene con muchas dificultades desde hace varios a\u00f1os, entre ellas la falta de pago del corriente con Cammesa, un &#8216;festival&#8217; de honorarios por parte de varios abogados contratados por la entidad y representado a la misma en distintos juicios, cuya mayor\u00eda se han perdido&#8221;.<\/p>\n\n\n\n<p><strong>La Cooperativa &#8220;est\u00e1 con serios problemas econ\u00f3micos y financieros y tiene un embargo trabado por Cammesa, como as\u00ed tambi\u00e9n por los propios abogados, y en estos meses hemos trabajado conjuntamente con el Gobierno de la Provincia para encauzar esta situaci\u00f3n&#8221;, apunt\u00f3 Biss.<\/strong><\/p>\n\n\n\n<p>&#8220;Hace pocos meses pudimos constatar que el contrato de 600 mil d\u00f3lares a pagar en 12 meses era cierto, y consideramos que ello fue la gota que rebals\u00f3 el vaso y que nos motiva a solicitar esta intervenci\u00f3n, de cara a regularizar la situaci\u00f3n de la empresa de servicios m\u00e1s importante de la ciudad. Es una decisi\u00f3n del Gobierno de la Provincia y tambi\u00e9n de nuestro municipio&#8221;, concluy\u00f3 el intendente de la ciudad capital.<\/p>\n\n\n\n<p><strong>Fuente: www.elchubut.com.ar<\/strong><\/p>\n","protected":false},"excerpt":{"rendered":"<p>El gobernador Ignacio\u00a0Torres, junto al intendente de Rawson, Dami\u00e1n Biss, anunci\u00f3 que solicitar\u00e1\u00a0al Instituto Nacional de Asociativismo y Econom\u00eda Social (INAES) la intervenci\u00f3n de la Cooperativa de Servicios P\u00fablicos Consumo y Vivienda Rawson, ante una serie de presuntas irregularidades que perjudicaron la situaci\u00f3n financiera de la entidad, poniendo en peligro la prestaci\u00f3n de servicios a [&hellip;]<\/p>\n","protected":false},"author":5,"featured_media":5431,"comment_status":"open","ping_status":"open","sticky":false,"template":"","format":"standard","meta":[],"categories":[14],"tags":[],"_links":{"self":[{"href":"https:\/\/politicapatagonica.com\/index.php\/wp-json\/wp\/v2\/posts\/5430"}],"collection":[{"href":"https:\/\/politicapatagonica.com\/index.php\/wp-json\/wp\/v2\/posts"}],"about":[{"href":"https:\/\/politicapatagonica.com\/index.php\/wp-json\/wp\/v2\/types\/post"}],"author":[{"embeddable":true,"href":"https:\/\/politicapatagonica.com\/index.php\/wp-json\/wp\/v2\/users\/5"}],"replies":[{"embeddable":true,"href":"https:\/\/politicapatagonica.com\/index.php\/wp-json\/wp\/v2\/comments?post=5430"}],"version-history":[{"count":2,"href":"https:\/\/politicapatagonica.com\/index.php\/wp-json\/wp\/v2\/posts\/5430\/revisions"}],"predecessor-version":[{"id":5447,"href":"https:\/\/politicapatagonica.com\/index.php\/wp-json\/wp\/v2\/posts\/5430\/revisions\/5447"}],"wp:featuredmedia":[{"embeddable":true,"href":"https:\/\/politicapatagonica.com\/index.php\/wp-json\/wp\/v2\/media\/5431"}],"wp:attachment":[{"href":"https:\/\/politicapatagonica.com\/index.php\/wp-json\/wp\/v2\/media?parent=5430"}],"wp:term":[{"taxonomy":"category","embeddable":true,"href":"https:\/\/politicapatagonica.com\/index.php\/wp-json\/wp\/v2\/categories?post=5430"},{"taxonomy":"post_tag","embeddable":true,"href":"https:\/\/politicapatagonica.com\/index.php\/wp-json\/wp\/v2\/tags?post=5430"}],"curies":[{"name":"wp","href":"https:\/\/api.w.org\/{rel}","templated":true}]}}