{"id":5427,"date":"2024-12-10T21:24:04","date_gmt":"2024-12-10T21:24:04","guid":{"rendered":"https:\/\/politicapatagonica.com\/?p=5427"},"modified":"2024-12-10T22:40:29","modified_gmt":"2024-12-10T22:40:29","slug":"la-pampa-se-quejo-nuevamente-por-el-rio-atuel-ahora-por-los-reservorios-que-seran-licitados","status":"publish","type":"post","link":"https:\/\/politicapatagonica.com\/index.php\/2024\/12\/10\/la-pampa-se-quejo-nuevamente-por-el-rio-atuel-ahora-por-los-reservorios-que-seran-licitados\/","title":{"rendered":"La Pampa se quej\u00f3 nuevamente por el r\u00edo Atuel de Mendoza, ahora por los reservorios que ser\u00e1n licitados"},"content":{"rendered":"\n<p><strong>&#8220;Mendoza dispuso de tres nuevos reservorios con aguas del\u00a0r\u00edo Atuel&#8221;, dice el t\u00edtulo de un diario pampeano en el inicio de esta semana<\/strong>. Alude la nota al anuncio del Gobierno de Mendoza sobre la construcci\u00f3n de\u00a0<strong>tres nuevos reservorios<\/strong>\u00a0de agua en el Sur provincial.<\/p>\n\n\n\n<p>Para estas obras est\u00e1 planeado utilizar parte de los fondos que estaban destinados inicialmente a&nbsp;<strong>Portezuelo del Viento&nbsp;<\/strong>y ahora oficialmente se los denomina como dineros del&nbsp;<strong>resarcimiento<\/strong>&nbsp;por la Promoci\u00f3n Industrial<\/p>\n\n\n\n<p>Para estas tres&nbsp;<strong>licitaciones<\/strong>&nbsp;est\u00e1 previsto que los llamados se hagan entre este mes y enero del a\u00f1o pr\u00f3ximo.<\/p>\n\n\n\n<h2>La queja de La Pampa por las aguas del r\u00edo Atuel<\/h2>\n\n\n\n<p><strong>Las obras anunciadas por la gesti\u00f3n de Alfredo Cornejo se ejecutar\u00e1n en las cuencas de los r\u00edos Atuel y Diamante<\/strong>. &#8220;La decisi\u00f3n de Mendoza se produce mientras&nbsp;<strong>no cumplen con el fallo de la Corte Suprema de Justicia de la Naci\u00f3n<\/strong>&nbsp;que obliga a entregar 3,4 metros c\u00fabicos en territorio pampeano&#8221;.<\/p>\n\n\n\n<p>Sobre esa resoluci\u00f3n desde Mendoza se ha explicado reiteradamente que no hay forma de cumplirla porque &#8220;<strong>ese caudal no existe<\/strong>&#8220;.<\/p>\n\n\n\n<p>Con los reservorios proyectados, se podr\u00e1n almacenar m\u00e1s de&nbsp;<strong>200 mil metros c\u00fabicos<\/strong>&nbsp;y beneficiar a 9 mil hect\u00e1reas del Sur mendocino, se\u00f1alaron desde el Departamento General de Irrigaci\u00f3n.<\/p>\n\n\n\n<p>Seg\u00fan los tiempos de obra planteados en la licitaci\u00f3n, se espera que los&nbsp;<strong>nuevos reservorios<\/strong>&nbsp;est\u00e9n terminados entre mediados y fines de 2026.<\/p>\n\n\n\n<p>En la cuenca del r\u00edo&nbsp;<strong>Diamante<\/strong>&nbsp;la primera obra est\u00e1 en el canal Bombal, donde est\u00e1 previsto un reservorio de gran tama\u00f1o para albergar 55 mil metros c\u00fabicos de agua, con un beneficio directo para 1.421 hect\u00e1reas y 259 usuarios, describi\u00f3 el&nbsp;<em>diario San Rafael<\/em>. Tambi\u00e9n en zona de influencia del Diamante est\u00e1 previsto<strong> el reservorio del canal Ser\u00fa Civit. Ser\u00e1 el de mayor tama\u00f1o de la regi\u00f3n, con reservorio de 81.200 metros c\u00fabicos para el riego acordado con beneficios para 2.430 hect\u00e1reas y 352 usuarios.<\/strong><\/p>\n\n\n\n<p>En la cuenca del r\u00edo&nbsp;<strong>Atuel&nbsp;est\u00e1 previsto trabajar en un reservorio de 70 mil metros c\u00fabicos en el canal Perrone, que permitir\u00e1 regar \u201ca demanda\u201d 5.333 hect\u00e1reas y llegar a 250 usuarios.<\/strong><\/p>\n\n\n\n<p><strong>Fuente: www.diariouno.com.ar<\/strong><\/p>\n","protected":false},"excerpt":{"rendered":"<p>&#8220;Mendoza dispuso de tres nuevos reservorios con aguas del\u00a0r\u00edo Atuel&#8221;, dice el t\u00edtulo de un diario pampeano en el inicio de esta semana. Alude la nota al anuncio del Gobierno de Mendoza sobre la construcci\u00f3n de\u00a0tres nuevos reservorios\u00a0de agua en el Sur provincial. Para estas obras est\u00e1 planeado utilizar parte de los fondos que estaban [&hellip;]<\/p>\n","protected":false},"author":5,"featured_media":5428,"comment_status":"open","ping_status":"open","sticky":false,"template":"","format":"standard","meta":[],"categories":[10],"tags":[],"_links":{"self":[{"href":"https:\/\/politicapatagonica.com\/index.php\/wp-json\/wp\/v2\/posts\/5427"}],"collection":[{"href":"https:\/\/politicapatagonica.com\/index.php\/wp-json\/wp\/v2\/posts"}],"about":[{"href":"https:\/\/politicapatagonica.com\/index.php\/wp-json\/wp\/v2\/types\/post"}],"author":[{"embeddable":true,"href":"https:\/\/politicapatagonica.com\/index.php\/wp-json\/wp\/v2\/users\/5"}],"replies":[{"embeddable":true,"href":"https:\/\/politicapatagonica.com\/index.php\/wp-json\/wp\/v2\/comments?post=5427"}],"version-history":[{"count":2,"href":"https:\/\/politicapatagonica.com\/index.php\/wp-json\/wp\/v2\/posts\/5427\/revisions"}],"predecessor-version":[{"id":5445,"href":"https:\/\/politicapatagonica.com\/index.php\/wp-json\/wp\/v2\/posts\/5427\/revisions\/5445"}],"wp:featuredmedia":[{"embeddable":true,"href":"https:\/\/politicapatagonica.com\/index.php\/wp-json\/wp\/v2\/media\/5428"}],"wp:attachment":[{"href":"https:\/\/politicapatagonica.com\/index.php\/wp-json\/wp\/v2\/media?parent=5427"}],"wp:term":[{"taxonomy":"category","embeddable":true,"href":"https:\/\/politicapatagonica.com\/index.php\/wp-json\/wp\/v2\/categories?post=5427"},{"taxonomy":"post_tag","embeddable":true,"href":"https:\/\/politicapatagonica.com\/index.php\/wp-json\/wp\/v2\/tags?post=5427"}],"curies":[{"name":"wp","href":"https:\/\/api.w.org\/{rel}","templated":true}]}}