{"id":5423,"date":"2024-12-10T20:48:11","date_gmt":"2024-12-10T20:48:11","guid":{"rendered":"https:\/\/politicapatagonica.com\/?p=5423"},"modified":"2024-12-10T22:25:30","modified_gmt":"2024-12-10T22:25:30","slug":"a-un-ano-de-la-asuncion-de-figueroa-proyectos-clave-logros-y-tensiones","status":"publish","type":"post","link":"https:\/\/politicapatagonica.com\/index.php\/2024\/12\/10\/a-un-ano-de-la-asuncion-de-figueroa-proyectos-clave-logros-y-tensiones\/","title":{"rendered":"A un a\u00f1o de la asunci\u00f3n de Figueroa en Neuqu\u00e9n: proyectos clave, logros y tensiones"},"content":{"rendered":"\n<p>El gobernador de Neuqu\u00e9n\u00a0<strong>Rolando Figueroa<\/strong> cumple su primer a\u00f1o de gesti\u00f3n\u00a0con una mezcla de\u00a0<strong>avances significativos y desaf\u00edos persistentes,<\/strong>\u00a0en un contexto marcado por el desarrollo econ\u00f3mico, conflictos pol\u00edticos y sociales, y un manejo financiero innovador, austero y de prioridades.<\/p>\n\n\n\n<p><strong>&#8220;El nuevo paradigma, lo que nos impone la sociedad, es trabajar de cara a la gente, con la gente y para la gente&#8221;<\/strong>, se\u00f1al\u00f3\u00a0<strong>Figueroa<\/strong>, enfatizando la necesidad de rendir cuentas a la comunidad y transparentar las acciones del gobierno.<\/p>\n\n\n\n<p>El enfoque de presentaciones busca&nbsp;<strong>consolidar un estilo de gesti\u00f3n basado en la austeridad y la redistribuci\u00f3n eficiente de recursos.<\/strong>&nbsp;Durante el primer a\u00f1o, el gobierno implement\u00f3 medidas como la eliminaci\u00f3n de gastos innecesarios, la reducci\u00f3n de la planta pol\u00edtica y la renegociaci\u00f3n de contratos de obra p\u00fablica, lo que permiti\u00f3 reforzar \u00e1reas esenciales como Educaci\u00f3n, Seguridad, Infraestructura y, especialmente, Salud.<\/p>\n\n\n\n<h3><strong>Logros destacados<\/strong><\/h3>\n\n\n\n<p><strong>Super\u00e1vit fiscal y gesti\u00f3n presupuestaria transparente<\/strong><br><strong>Figueroa<\/strong>&nbsp;logr\u00f3 revertir un escenario cr\u00edtico para cerrar el a\u00f1o con un&nbsp;<strong>super\u00e1vit<\/strong>&nbsp;de 500 millones de d\u00f3lares y&nbsp;<strong>proyectar otro de 1.000 millones para 2025<\/strong>. Este super\u00e1vit permiti\u00f3 pagar deudas, evitar el default y destinar recursos a obras p\u00fablicas clave. Adem\u00e1s, present\u00f3 un&nbsp;<strong>presupuesto hist\u00f3rico<\/strong>, con inversiones y pautas salariales claramente definidas, destacando la transparencia en la administraci\u00f3n.<\/p>\n\n\n\n<p><strong>Inversiones estrat\u00e9gicas y desarrollo energ\u00e9tico<\/strong><br>La consolidaci\u00f3n de&nbsp;<strong>Vaca Muerta<\/strong>&nbsp;como motor econ\u00f3mico fue clave, con inversiones anunciadas por 9.000 millones de d\u00f3lares para infraestructura petrolera y el\u00e9ctrica. Tambi\u00e9n se impulsaron acuerdos p\u00fablico-privados para mejorar rutas y redes necesarias para potenciar el sector energ\u00e9tico.<\/p>\n\n\n\n<p><strong>Iniciativas educativas<\/strong><br>El programa de becas &#8220;Redistribuir Oportunidades Gregorio \u00c1lvarez&#8221; benefici\u00f3 a m\u00e1s de 19.000 estudiantes, con una inversi\u00f3n superior a los 6.000 millones de pesos, fomentando la permanencia y el egreso en todos los niveles educativos. Esta medida refuerza la visi\u00f3n de Figueroa de transformar la provincia a trav\u00e9s de la educaci\u00f3n.<\/p>\n\n\n\n<h3><strong>Conflictos y desaf\u00edos<\/strong><\/h3>\n\n\n\n<p><strong>Crisis pol\u00edtica con la vicegobernadora&nbsp;Gloria Ruiz<\/strong><br>Uno de los momentos m\u00e1s tensos fue&nbsp;<strong>la separaci\u00f3n de la vicegobernadora de su cargo<\/strong>, un hecho sin precedentes en Neuqu\u00e9n. La situaci\u00f3n gener\u00f3 tensiones institucionales, aunque el Ejecutivo provincial mantuvo distancia del conflicto, priorizando la estabilidad jur\u00eddica y la continuidad de la gesti\u00f3n.<\/p>\n\n\n\n<p><strong>Demandas sociales y sectoriales<\/strong><br>Durante el a\u00f1o,&nbsp;<strong>Figueroa<\/strong>&nbsp;enfrent\u00f3 conflictos con docentes y organizaciones sociales debido a cambios en las pol\u00edticas p\u00fablicas. Si bien algunos sectores resistieron estas medidas, el gobierno busc\u00f3 corregir pr\u00e1cticas que afectaban las finanzas p\u00fablicas, como la enorme cantidad de certificados falsos de salud que se presentaban en el sector educativo.&nbsp;<strong>ATEN<\/strong>&nbsp;finalmente acept\u00f3 la propuesta salarial del gobierno para el pr\u00f3ximo a\u00f1o.<\/p>\n\n\n\n<p><strong>Desaf\u00edos demogr\u00e1ficos y sociales<\/strong><br>Neuqu\u00e9n contin\u00faa atrayendo a familias de otras regiones, con un ingreso diario de 25 familias. Este crecimiento genera una&nbsp;<strong>presi\u00f3n adicional sobre los servicios p\u00fablicos<\/strong>, destacando la necesidad de&nbsp;obras de infraestructura&nbsp;y descentralizaci\u00f3n administrativa para atender las demandas de las nuevas comunidades.<\/p>\n\n\n\n<p><strong>Desaparici\u00f3n de Luciana Mu\u00f1oz<\/strong><br>En el debe a nivel provincial se destaca la falta de avances en la desaparici\u00f3n de&nbsp;<strong>Luciana Mu\u00f1oz<\/strong>. La joven de 21 a\u00f1os es buscada intensamente desde que fue vista por \u00faltima vez el 13 de julio en el barrio&nbsp;<strong>Gran Neuqu\u00e9n Norte<\/strong>&nbsp;de la ciudad capital, donde resid\u00eda. El gobierno de Neuqu\u00e9n elev\u00f3 a 100 millones de pesos la recompensa destinada a quienes brinden informaci\u00f3n confiable que permita encontrarla.<\/p>\n\n\n\n<h3><strong>Mirando al futuro<\/strong><\/h3>\n\n\n\n<p>Figueroa conf\u00eda en la&nbsp;<strong>regionalizaci\u00f3n<\/strong>&nbsp;como una estrategia para descentralizar la gesti\u00f3n y planificar el desarrollo local, fomentando la igualdad de oportunidades en toda la provincia.&nbsp;<\/p>\n\n\n\n<p>Otra apuesta fuerte es la adhesi\u00f3n al&nbsp;<strong>R\u00e9gimen de Incentivo para Grandes Inversiones (RIGI)<\/strong>, buscando posicionar a Neuqu\u00e9n como un destino clave para grandes inversiones, potenciando su econom\u00eda y generando empleo de calidad. Con obras p\u00fablicas en<strong>&nbsp;salud, seguridad y educaci\u00f3n<\/strong>&nbsp;ya en marcha, el desaf\u00edo ser\u00e1 sostener el&nbsp;<strong>crecimiento econ\u00f3mico y social<\/strong>&nbsp;frente a la complejidad de la coyuntura nacional.<\/p>\n\n\n\n<p><strong>Fuente: www.neuquenpost.com<\/strong><\/p>\n","protected":false},"excerpt":{"rendered":"<p>El gobernador de Neuqu\u00e9n\u00a0Rolando Figueroa cumple su primer a\u00f1o de gesti\u00f3n\u00a0con una mezcla de\u00a0avances significativos y desaf\u00edos persistentes,\u00a0en un contexto marcado por el desarrollo econ\u00f3mico, conflictos pol\u00edticos y sociales, y un manejo financiero innovador, austero y de prioridades. &#8220;El nuevo paradigma, lo que nos impone la sociedad, es trabajar de cara a la gente, con [&hellip;]<\/p>\n","protected":false},"author":5,"featured_media":5424,"comment_status":"open","ping_status":"open","sticky":false,"template":"","format":"standard","meta":[],"categories":[9],"tags":[],"_links":{"self":[{"href":"https:\/\/politicapatagonica.com\/index.php\/wp-json\/wp\/v2\/posts\/5423"}],"collection":[{"href":"https:\/\/politicapatagonica.com\/index.php\/wp-json\/wp\/v2\/posts"}],"about":[{"href":"https:\/\/politicapatagonica.com\/index.php\/wp-json\/wp\/v2\/types\/post"}],"author":[{"embeddable":true,"href":"https:\/\/politicapatagonica.com\/index.php\/wp-json\/wp\/v2\/users\/5"}],"replies":[{"embeddable":true,"href":"https:\/\/politicapatagonica.com\/index.php\/wp-json\/wp\/v2\/comments?post=5423"}],"version-history":[{"count":3,"href":"https:\/\/politicapatagonica.com\/index.php\/wp-json\/wp\/v2\/posts\/5423\/revisions"}],"predecessor-version":[{"id":5443,"href":"https:\/\/politicapatagonica.com\/index.php\/wp-json\/wp\/v2\/posts\/5423\/revisions\/5443"}],"wp:featuredmedia":[{"embeddable":true,"href":"https:\/\/politicapatagonica.com\/index.php\/wp-json\/wp\/v2\/media\/5424"}],"wp:attachment":[{"href":"https:\/\/politicapatagonica.com\/index.php\/wp-json\/wp\/v2\/media?parent=5423"}],"wp:term":[{"taxonomy":"category","embeddable":true,"href":"https:\/\/politicapatagonica.com\/index.php\/wp-json\/wp\/v2\/categories?post=5423"},{"taxonomy":"post_tag","embeddable":true,"href":"https:\/\/politicapatagonica.com\/index.php\/wp-json\/wp\/v2\/tags?post=5423"}],"curies":[{"name":"wp","href":"https:\/\/api.w.org\/{rel}","templated":true}]}}