{"id":5420,"date":"2024-12-09T22:05:10","date_gmt":"2024-12-09T22:05:10","guid":{"rendered":"https:\/\/politicapatagonica.com\/?p=5420"},"modified":"2024-12-10T22:21:48","modified_gmt":"2024-12-10T22:21:48","slug":"pablo-grasso-encabezo-la-imposicion-de-nombre-de-la-plaza-blanca-pardo","status":"publish","type":"post","link":"https:\/\/politicapatagonica.com\/index.php\/2024\/12\/09\/pablo-grasso-encabezo-la-imposicion-de-nombre-de-la-plaza-blanca-pardo\/","title":{"rendered":"El intendente Pablo Grasso encabez\u00f3 la imposici\u00f3n de nombre de la plaza Blanca Pardo en honor a una joven de R\u00edo Gallegos que muri\u00f3 de c\u00e1ncer"},"content":{"rendered":"\n<p>El\u00a0intendente<strong> Pablo Grasso encabez\u00f3 el acto en la plaza Blanca Pardo en honor a la joven que falleci\u00f3 en agosto del 2023<\/strong>. El mismo que se desarroll\u00f3 en las intersecciones de las calles Jos\u00e9 Ingenieros y Capit\u00e1n de Nav\u00edo Hip\u00f3lito Bouchard, cont\u00f3 con la presencia del gabinete municipal, familiares y amigos de Blanca.<\/p>\n\n\n\n<p>La&nbsp;<strong>vecina de R\u00edo Gallegos ten\u00eda 26 a\u00f1os cuando fue diagnosticada con c\u00e1ncer y en el 2015 se realiz\u00f3 el primer trasplante.&nbsp;<\/strong>Luego se someti\u00f3 a un nuevo trasplante y su salud empeor\u00f3 a causa de un virus intrahospitalario.&nbsp;<strong>Blanca perdi\u00f3 la vida el 5 de agosto del 2023. La sala de Audiovisuales de Comunicaci\u00f3n de la Municipalidad tambi\u00e9n lleva su nombre.<\/strong><\/p>\n\n\n\n<p>Tras la designaci\u00f3n de nombre a la plaza, Germ\u00e1n Pardo padre de Blanca de dirigi\u00f3 a los presentes: \u201cQuerida hija, amada hija Blanca, hoy 9 de diciembre de este a\u00f1o 2024, estamos ac\u00e1 en este lugar tu madre, tu padre, hermano, hijo y sobrinos. Tambi\u00e9n todos sus compa\u00f1eros de trabajo, amigos, amigas que te&nbsp;<strong>tienen presentes, te quieren y te recuerdan con mucho amor<\/strong>\u201d.<\/p>\n\n\n\n<p>Y continu\u00f3: \u201cHija, hoy es tu cumplea\u00f1os, en esta ciudad maravillosa R\u00edo Gallegos, un d\u00eda 9 de diciembre de 1984, naciste, fuiste y ser\u00e1s una gran mujer que diste todo por su ciudad con gran responsabilidad y respeto.&nbsp;<strong>Nosotros, tu madre, tu padre, tu hermano, tu hijo, agradecemos infinitamente a todas las personas que hicieron posible tenerte por siempre, ahora y en la otra generaci\u00f3n venideras en esta hermosa plaza que lleva tu nombre\u201d.<\/strong><\/p>\n\n\n\n<p>Por \u00faltimo, el padre de Blanca expres\u00f3:&nbsp;<strong>\u201cAgradecemos al Honorable Concejo Deliberante, a la Junta Vecinal y en especial al Sr. Intendente, Pablo Grasso por todo lo que significa hacer tantas cosas hermosas para nuestro R\u00edo Gallegos\u201d.<\/strong><\/p>\n\n\n\n<p><strong>Fuente: www.tiemposur.com.ar<\/strong><\/p>\n","protected":false},"excerpt":{"rendered":"<p>El\u00a0intendente Pablo Grasso encabez\u00f3 el acto en la plaza Blanca Pardo en honor a la joven que falleci\u00f3 en agosto del 2023. El mismo que se desarroll\u00f3 en las intersecciones de las calles Jos\u00e9 Ingenieros y Capit\u00e1n de Nav\u00edo Hip\u00f3lito Bouchard, cont\u00f3 con la presencia del gabinete municipal, familiares y amigos de Blanca. La&nbsp;vecina de [&hellip;]<\/p>\n","protected":false},"author":5,"featured_media":5421,"comment_status":"open","ping_status":"open","sticky":false,"template":"","format":"standard","meta":[],"categories":[8],"tags":[],"_links":{"self":[{"href":"https:\/\/politicapatagonica.com\/index.php\/wp-json\/wp\/v2\/posts\/5420"}],"collection":[{"href":"https:\/\/politicapatagonica.com\/index.php\/wp-json\/wp\/v2\/posts"}],"about":[{"href":"https:\/\/politicapatagonica.com\/index.php\/wp-json\/wp\/v2\/types\/post"}],"author":[{"embeddable":true,"href":"https:\/\/politicapatagonica.com\/index.php\/wp-json\/wp\/v2\/users\/5"}],"replies":[{"embeddable":true,"href":"https:\/\/politicapatagonica.com\/index.php\/wp-json\/wp\/v2\/comments?post=5420"}],"version-history":[{"count":2,"href":"https:\/\/politicapatagonica.com\/index.php\/wp-json\/wp\/v2\/posts\/5420\/revisions"}],"predecessor-version":[{"id":5439,"href":"https:\/\/politicapatagonica.com\/index.php\/wp-json\/wp\/v2\/posts\/5420\/revisions\/5439"}],"wp:featuredmedia":[{"embeddable":true,"href":"https:\/\/politicapatagonica.com\/index.php\/wp-json\/wp\/v2\/media\/5421"}],"wp:attachment":[{"href":"https:\/\/politicapatagonica.com\/index.php\/wp-json\/wp\/v2\/media?parent=5420"}],"wp:term":[{"taxonomy":"category","embeddable":true,"href":"https:\/\/politicapatagonica.com\/index.php\/wp-json\/wp\/v2\/categories?post=5420"},{"taxonomy":"post_tag","embeddable":true,"href":"https:\/\/politicapatagonica.com\/index.php\/wp-json\/wp\/v2\/tags?post=5420"}],"curies":[{"name":"wp","href":"https:\/\/api.w.org\/{rel}","templated":true}]}}