{"id":5413,"date":"2024-12-09T20:09:50","date_gmt":"2024-12-09T20:09:50","guid":{"rendered":"https:\/\/politicapatagonica.com\/?p=5413"},"modified":"2024-12-10T22:08:05","modified_gmt":"2024-12-10T22:08:05","slug":"torres-firmo-acuerdo-con-unicef-para-la-inclusion-y-proteccion-integral-de-la-ninez-y-la-adolescencia","status":"publish","type":"post","link":"https:\/\/politicapatagonica.com\/index.php\/2024\/12\/09\/torres-firmo-acuerdo-con-unicef-para-la-inclusion-y-proteccion-integral-de-la-ninez-y-la-adolescencia\/","title":{"rendered":"Torres firm\u00f3 acuerdo con UNICEF para la inclusi\u00f3n y protecci\u00f3n integral de la ni\u00f1ez y la adolescencia"},"content":{"rendered":"\n<p><strong>El gobernador del Chubut, Ignacio Torres, encabez\u00f3 la firma de la Carta de compromiso con representantes de Unicef en Rawson.<\/strong><\/p>\n\n\n\n<p>Es con el fin de implementar la iniciativa Municipio Unido por la Ni\u00f1ez y la Adolescencia <strong>con el objetivo de fortalecer los derechos de estos rangos etarios. El acto se lleva a cabo en el Sal\u00f3n de Usos M\u00faltiples de la Administraci\u00f3n de Vialidad Provincial.<\/strong><\/p>\n\n\n\n<p>&#8220;Los municipios son los que perciben de primera mano lo que pasa en la sociedad. Los m\u00e1s chicos van a tener un rol preponderante en Chubut&#8221;, manifest\u00f3 Torres<\/p>\n\n\n\n<p>El mandatario provincial destac\u00f3 la gesti\u00f3n realizada por la ministra de Desarrollo Humano, Florencia Papaiani, en materia de protecci\u00f3n de los ni\u00f1os, ni\u00f1as y adolescentes.<\/p>\n\n\n\n<p><strong>A trav\u00e9s de MUNA, UNICEF brinda asesoramiento y capacitaci\u00f3n a los equipos municipales, y los acompa\u00f1a en el dise\u00f1o, la implementaci\u00f3n y el monitoreo de planes de acci\u00f3n para la ni\u00f1ez y la adolescencia.&nbsp;&nbsp;&nbsp;<\/strong><\/p>\n\n\n\n<p><strong>MUNA ofrece a los municipios que se incorporan a la iniciativa, asesoramiento y capacitaci\u00f3n respecto de temas clave para la gesti\u00f3n local: abordaje desde una perspectiva de derechos de la situaci\u00f3n de la ni\u00f1ez y la adolescencia en Argentina, planificaci\u00f3n y monitoreo de intervenciones integrales<\/strong>. De esta forma, los equipos municipales fortalecen su conocimiento de herramientas que les permiten elaborar un autodiagn\u00f3stico sobre la situaci\u00f3n de la ni\u00f1ez y la adolescencia a nivel local y de las respuestas que se ofrecen desde las pol\u00edticas p\u00fablicas.&nbsp;&nbsp;<\/p>\n\n\n\n<p>A partir de los hallazgos de dicho autodiagn\u00f3stico, los equipos municipales dise\u00f1an y ponen en marcha un plan de acci\u00f3n con objetivos y actividades orientados a resolver aquellas problem\u00e1ticas que fueron identificadas como prioritarias para el municipio.<\/p>\n\n\n\n<p>En su mensaje, el Gobernador precis\u00f3 que <strong>\u201cninguno de nosotros, ninguno de los jefes comunales, de los intendentes o en mi caso, como gobernador, elegimos el contexto macroecon\u00f3mico que nos toc\u00f3 gobernar: un contexto recesivo de los m\u00e1s importantes de la historia de la democracia en nuestro pa\u00eds\u201d.<\/strong><\/p>\n\n\n\n<p>Torres se\u00f1al\u00f3 que, \u201cincluso en medio de un dilema donde se est\u00e1 planteando cu\u00e1l es el rol del Estado, hoy hay un gobierno nacional que dice que el Estado nacional solamente se tiene que encargar de las Relaciones Exteriores, la seguridad nacional y la macroeconom\u00eda\u201d, y advirti\u00f3 que \u201cen medio de eso hay un mont\u00f3n de cuestiones que el gobierno nacional no contempla\u201d.<\/p>\n\n\n\n<p>En esa l\u00ednea, <strong>el gobernador revel\u00f3 que \u201cas\u00ed como nosotros no elegimos el contexto macroecon\u00f3mico, tampoco las nuevas generaciones lo hicieron, pero esto no implica que tengan m\u00e1s o menos derecho a tener una infancia acorde\u201d. Sostuvo en ese aspecto que \u201ctodo el esfuerzo que estamos haciendo en materia educativa es justamente para garantizar un futuro mejor\u201d.&nbsp;<\/strong><\/p>\n\n\n\n<p>Seguidamente, Torres destac\u00f3 la amplia adhesi\u00f3n de municipios y comunas de Chubut a la iniciativa; as\u00ed como<strong> \u201cel esfuerzo fiscal que vamos a hacer para el sostenimiento de lo m\u00e1s b\u00e1sico e indispensable que un estado benefactor tiene que brindarle a la ciudadan\u00eda\u201d<\/strong>. Al respecto, el mandatario sostuvo que \u201clos m\u00e1s chicos van a tener un rol preponderante en esta provincia y vamos a trabajar en conjunto con todos los intendentes y con todos los jefes comunales para que nunca m\u00e1s ning\u00fan chico tenga que resignar lo m\u00e1s b\u00e1sico que es el acceso a una ni\u00f1ez digna, a un plato de comida, a oportunidades, a desarrollarse profesionalmente y a estudiar\u201d.&nbsp;<\/p>\n\n\n\n<p>En tal sentido, asegur\u00f3 que<strong> \u201ctodo eso tiene que ver con una pol\u00edtica de Estado a mediano y largo plazo, que va a exceder mi gesti\u00f3n como gobernador y la gesti\u00f3n de cada uno de ustedes como jefes comunales y como intendentes\u201d<\/strong>. En ese marco, el mandatario agradeci\u00f3 a cada uno de ellos \u201cque con responsabilidad y con decisi\u00f3n no solo firmaron este convenio, sino que estuvieron a disposici\u00f3n desde el momento uno y lo van a seguir estando independientemente de la coyuntura electoral\u201d.<\/p>\n\n\n\n<p><strong>Fuente: www.elchubut.com.ar<\/strong><\/p>\n","protected":false},"excerpt":{"rendered":"<p>El gobernador del Chubut, Ignacio Torres, encabez\u00f3 la firma de la Carta de compromiso con representantes de Unicef en Rawson. Es con el fin de implementar la iniciativa Municipio Unido por la Ni\u00f1ez y la Adolescencia con el objetivo de fortalecer los derechos de estos rangos etarios. El acto se lleva a cabo en el [&hellip;]<\/p>\n","protected":false},"author":5,"featured_media":5414,"comment_status":"open","ping_status":"open","sticky":false,"template":"","format":"standard","meta":[],"categories":[14],"tags":[],"_links":{"self":[{"href":"https:\/\/politicapatagonica.com\/index.php\/wp-json\/wp\/v2\/posts\/5413"}],"collection":[{"href":"https:\/\/politicapatagonica.com\/index.php\/wp-json\/wp\/v2\/posts"}],"about":[{"href":"https:\/\/politicapatagonica.com\/index.php\/wp-json\/wp\/v2\/types\/post"}],"author":[{"embeddable":true,"href":"https:\/\/politicapatagonica.com\/index.php\/wp-json\/wp\/v2\/users\/5"}],"replies":[{"embeddable":true,"href":"https:\/\/politicapatagonica.com\/index.php\/wp-json\/wp\/v2\/comments?post=5413"}],"version-history":[{"count":2,"href":"https:\/\/politicapatagonica.com\/index.php\/wp-json\/wp\/v2\/posts\/5413\/revisions"}],"predecessor-version":[{"id":5434,"href":"https:\/\/politicapatagonica.com\/index.php\/wp-json\/wp\/v2\/posts\/5413\/revisions\/5434"}],"wp:featuredmedia":[{"embeddable":true,"href":"https:\/\/politicapatagonica.com\/index.php\/wp-json\/wp\/v2\/media\/5414"}],"wp:attachment":[{"href":"https:\/\/politicapatagonica.com\/index.php\/wp-json\/wp\/v2\/media?parent=5413"}],"wp:term":[{"taxonomy":"category","embeddable":true,"href":"https:\/\/politicapatagonica.com\/index.php\/wp-json\/wp\/v2\/categories?post=5413"},{"taxonomy":"post_tag","embeddable":true,"href":"https:\/\/politicapatagonica.com\/index.php\/wp-json\/wp\/v2\/tags?post=5413"}],"curies":[{"name":"wp","href":"https:\/\/api.w.org\/{rel}","templated":true}]}}