{"id":5403,"date":"2024-12-06T21:24:21","date_gmt":"2024-12-06T21:24:21","guid":{"rendered":"https:\/\/politicapatagonica.com\/?p=5403"},"modified":"2024-12-09T13:53:01","modified_gmt":"2024-12-09T13:53:01","slug":"inauguraron-el-nuevo-hospital-de-ramos-mexia","status":"publish","type":"post","link":"https:\/\/politicapatagonica.com\/index.php\/2024\/12\/06\/inauguraron-el-nuevo-hospital-de-ramos-mexia\/","title":{"rendered":"Inauguraron el hospital de Ramos Mex\u00eda en R\u00edo Negro con una inversi\u00f3n de m\u00e1s de mil millones de pesos"},"content":{"rendered":"\n<p>El gobernador Alberto Weretilneck, acompa\u00f1ado por el intendente Nelson Quinteros, inaugur\u00f3 el<strong> hospital de Ramos Mex\u00eda completamente equipado. La obra demand\u00f3 una inversi\u00f3n del Gobierno de R\u00edo Negro de $1.174.291.745,81.<\/strong><\/p>\n\n\n\n<p>\u201cLa construcci\u00f3n de este edificio significa ser m\u00e1s justos porque <strong>damos un paso fundamental para garantizar que las y los vecinos de Ramos Mex\u00eda no tengan que recorrer largas distancias para recibir atenci\u00f3n m\u00e9dica de calidad<\/strong>\u201d, expres\u00f3 Weretilneck.<\/p>\n\n\n\n<p><strong>El ministro de Salud provincial, Demetrio Thalasselis, destac\u00f3 el acompa\u00f1amiento permanente del Estado, en esta ocasi\u00f3n con un hospital \u201cpara mejorar las condiciones y la calidad<\/strong> de vida de la comunidad y tambi\u00e9n las condiciones de trabajo, porque el equipo de salud va a estar en una casa nueva, con tecnolog\u00eda, con consultorios, computadoras, con salas de asistencia para el paciente en la urgencia, en la emergencia\u201d.<\/p>\n\n\n\n<p>\u201cEl hospital va a producir el mayor bien que puede tener una persona, que es la salud, que nos hace vivir plenamente y desarrollarnos\u201d, cerr\u00f3 el Ministro.<\/p>\n\n\n\n<p>Por su parte, el intendente de la localidad expres\u00f3 que \u201cesta obra emblem\u00e1tica que llev\u00f3 adelante <strong>el Gobierno provincial manifiesta la atenci\u00f3n sanitaria de calidad como derecho de todo ciudadano, como tambi\u00e9n la educaci\u00f3n y el trabajo digno que hacen al crecimiento de un pueblo\u201d.<\/strong><\/p>\n\n\n\n<p>En el marco del mismo acto, el Gobierno provincial, junto al Municipio, entreg\u00f3 26 tarjetas correspondientes al programa \u201cR\u00edo Negro Presente Salud\u201d a vecinos y vecinas de la localidad.<\/p>\n\n\n\n<p><strong>Este programa tiene como objetivo optimizar el acceso al tratamiento farmacol\u00f3gico de pacientes con enfermedades cr\u00f3nicas no transmisibles que son atendidos en el sistema de salud p\u00fablico y no cuentan con cobertura m\u00e9dica. La tarjeta se utilizar\u00e1 en la compra de insumos m\u00e9dicos en las farmacias habilitadas.<\/strong><\/p>\n\n\n\n<p>Estuvieron adem\u00e1s los ministros de Obras y Servicios P\u00fablicos, <strong>Alejandro Echarren<\/strong>; y de Desarrollo Humano, Deporte y Cultura,<strong> Juan Pablo Muena,<\/strong> la directora del hospital, <strong>Zulma Pe\u00f1a<\/strong>; los legisladores <strong>Carlos Valeri y Fabi\u00e1n Zgaib,<\/strong> trabajadores del centro de salud, referentes de instituciones locales y dem\u00e1s autoridades provinciales y municipales.<\/p>\n\n\n\n<p><strong>Fuente: www.adnrionegro.com.ar<\/strong><\/p>\n","protected":false},"excerpt":{"rendered":"<p>El gobernador Alberto Weretilneck, acompa\u00f1ado por el intendente Nelson Quinteros, inaugur\u00f3 el hospital de Ramos Mex\u00eda completamente equipado. La obra demand\u00f3 una inversi\u00f3n del Gobierno de R\u00edo Negro de $1.174.291.745,81. \u201cLa construcci\u00f3n de este edificio significa ser m\u00e1s justos porque damos un paso fundamental para garantizar que las y los vecinos de Ramos Mex\u00eda no [&hellip;]<\/p>\n","protected":false},"author":5,"featured_media":5404,"comment_status":"open","ping_status":"open","sticky":false,"template":"","format":"standard","meta":[],"categories":[13],"tags":[],"_links":{"self":[{"href":"https:\/\/politicapatagonica.com\/index.php\/wp-json\/wp\/v2\/posts\/5403"}],"collection":[{"href":"https:\/\/politicapatagonica.com\/index.php\/wp-json\/wp\/v2\/posts"}],"about":[{"href":"https:\/\/politicapatagonica.com\/index.php\/wp-json\/wp\/v2\/types\/post"}],"author":[{"embeddable":true,"href":"https:\/\/politicapatagonica.com\/index.php\/wp-json\/wp\/v2\/users\/5"}],"replies":[{"embeddable":true,"href":"https:\/\/politicapatagonica.com\/index.php\/wp-json\/wp\/v2\/comments?post=5403"}],"version-history":[{"count":3,"href":"https:\/\/politicapatagonica.com\/index.php\/wp-json\/wp\/v2\/posts\/5403\/revisions"}],"predecessor-version":[{"id":5412,"href":"https:\/\/politicapatagonica.com\/index.php\/wp-json\/wp\/v2\/posts\/5403\/revisions\/5412"}],"wp:featuredmedia":[{"embeddable":true,"href":"https:\/\/politicapatagonica.com\/index.php\/wp-json\/wp\/v2\/media\/5404"}],"wp:attachment":[{"href":"https:\/\/politicapatagonica.com\/index.php\/wp-json\/wp\/v2\/media?parent=5403"}],"wp:term":[{"taxonomy":"category","embeddable":true,"href":"https:\/\/politicapatagonica.com\/index.php\/wp-json\/wp\/v2\/categories?post=5403"},{"taxonomy":"post_tag","embeddable":true,"href":"https:\/\/politicapatagonica.com\/index.php\/wp-json\/wp\/v2\/tags?post=5403"}],"curies":[{"name":"wp","href":"https:\/\/api.w.org\/{rel}","templated":true}]}}